{"id":10102,"date":"2023-11-21T21:01:00","date_gmt":"2023-11-22T02:01:00","guid":{"rendered":"https:\/\/manchesterproud.org\/podrska-za-prioritet-jedan-plan-objekata\/"},"modified":"2024-05-02T11:06:24","modified_gmt":"2024-05-02T15:06:24","slug":"podrska-za-prioritet-jedan-plan-objekata","status":"publish","type":"post","link":"https:\/\/manchesterproud.org\/bs\/podrska-za-prioritet-jedan-plan-objekata\/","title":{"rendered":"Podr\u0161ka za prioritet jedan plan objekata"},"content":{"rendered":"\n<p>Ve\u010deras, 21. novembra 2023., na sastanku odbora gradona\u010delnika i stare\u0161ine, upravnik \u0161kola u \u0161kolskom okrugu Manchester, Jennifer Chimiel Gillis, ur. tra\u017ei odobrenje Dugoro\u010dnog plana objekata \u2013 prioritet jedan. Manchester Proud podr\u017eava ovaj rad i vjeruje da \u0107e to pru\u017eiti pogodnosti koje na\u0161i studenti zaslu\u017euju za svoje obrazovanje.<\/p>\n\n<p>Ovaj projekat planiranja je u toku sa dobavlja\u010dem, SMMA, od marta 2023. Svrha ovoga je da se obezbijedi dugoro\u010dni plan objekata za okrug. Tim je radio sa konceptom 3 srednje \u0161kole, 4 srednje \u0161kole i 12 osnovnih \u0161kola koji je odobrio odbor.<\/p>\n\n<p>Ovaj projekat je veliki i podijeljen je na dvije liste prioriteta. Ova prva lista uklju\u010duje sljede\u0107e preporuke:<\/p>\n\n<p>\u2013 Zatvaranje osnovne \u0161kole Wilson na jesen 2024.<\/p>\n\n<p>\u2013 Izgraditi novu osnovnu \u0161kolu na lokaciji osnovne \u0161kole McDonough.<\/p>\n\n<p>\u2013 Locirati modularni prostor u u\u010dionici na: Beech, McDonough, Parkside, Southside, McLaughlin i Hillside u junu 2024.<\/p>\n\n<p>\u2013 Odobreti dogradnju i renoviranje u sve \u010detiri na\u0161e srednje \u0161kole.<\/p>\n\n<p>\u2013 Odobrenje bud\u017eeta do 306 miliona dolara \u2013 prioritet jedan.<\/p>\n","protected":false},"excerpt":{"rendered":"<p>Ve\u010deras, 21. novembra 2023., na sastanku odbora gradona\u010delnika i stare\u0161ine, upravnik \u0161kola u \u0161kolskom okrugu Manchester, Jennifer Chimiel Gillis, ur. tra\u017ei odobrenje Dugoro\u010dnog plana objekata \u2013 prioritet jedan. Manchester Proud  <a href=\"https:\/\/manchesterproud.org\/bs\/podrska-za-prioritet-jedan-plan-objekata\/\" rel=\"bookmark\" title=\"Podr\u0161ka za prioritet jedan plan objekata\">[&hellip;]<\/a><\/p>\n","protected":false},"author":2,"featured_media":3021,"comment_status":"open","ping_status":"closed","sticky":false,"template":"","format":"standard","meta":{"_acf_changed":false,"_mo_disable_npp":"","footnotes":""},"categories":[106],"tags":[],"class_list":["post-10102","post","type-post","status-publish","format-standard","has-post-thumbnail","hentry","category-uncategorized-bs"],"acf":[],"yoast_head":"<!-- This site is optimized with the Yoast SEO Premium plugin v21.5 (Yoast SEO v27.2) - https:\/\/yoast.com\/product\/yoast-seo-premium-wordpress\/ -->\n<title>Podr\u0161ka za prioritet jedan plan objekata - Manchester Proud<\/title>\n<meta name=\"robots\" content=\"index, follow, max-snippet:-1, max-image-preview:large, max-video-preview:-1\" \/>\n<link rel=\"canonical\" href=\"https:\/\/manchesterproud.org\/bs\/podrska-za-prioritet-jedan-plan-objekata\/\" \/>\n<meta property=\"og:locale\" content=\"bs_BA\" \/>\n<meta property=\"og:type\" content=\"article\" \/>\n<meta property=\"og:title\" content=\"Podr\u0161ka za prioritet jedan plan objekata\" \/>\n<meta property=\"og:description\" content=\"Ve\u010deras, 21. novembra 2023., na sastanku odbora gradona\u010delnika i stare\u0161ine, upravnik \u0161kola u \u0161kolskom okrugu Manchester, Jennifer Chimiel Gillis, ur.\" \/>\n<meta property=\"og:url\" content=\"https:\/\/manchesterproud.org\/bs\/podrska-za-prioritet-jedan-plan-objekata\/\" \/>\n<meta property=\"og:site_name\" content=\"Manchester Proud\" \/>\n<meta property=\"article:published_time\" content=\"2023-11-22T02:01:00+00:00\" \/>\n<meta property=\"article:modified_time\" content=\"2024-05-02T15:06:24+00:00\" \/>\n<meta property=\"og:image\" content=\"https:\/\/manchesterproud.org\/wp-content\/uploads\/2024\/03\/blog-Default-ImageV2.jpg\" \/>\n\t<meta property=\"og:image:width\" content=\"936\" \/>\n\t<meta property=\"og:image:height\" content=\"624\" \/>\n\t<meta property=\"og:image:type\" content=\"image\/jpeg\" \/>\n<meta name=\"author\" content=\"Amy Welch\" \/>\n<meta name=\"twitter:card\" content=\"summary_large_image\" \/>\n<meta name=\"twitter:label1\" content=\"Written by\" \/>\n\t<meta name=\"twitter:data1\" content=\"Amy Welch\" \/>\n\t<meta name=\"twitter:label2\" content=\"Est. reading time\" \/>\n\t<meta name=\"twitter:data2\" content=\"1 minuta\" \/>\n<script type=\"application\/ld+json\" class=\"yoast-schema-graph\">{\"@context\":\"https:\/\/schema.org\",\"@graph\":[{\"@type\":\"Article\",\"@id\":\"https:\/\/manchesterproud.org\/bs\/podrska-za-prioritet-jedan-plan-objekata\/#article\",\"isPartOf\":{\"@id\":\"https:\/\/manchesterproud.org\/bs\/podrska-za-prioritet-jedan-plan-objekata\/\"},\"author\":{\"name\":\"Amy Welch\",\"@id\":\"https:\/\/manchesterproud.org\/bs\/#\/schema\/person\/72ebe56e77a21fcef10992e67490f007\"},\"headline\":\"Podr\u0161ka za prioritet jedan plan objekata\",\"datePublished\":\"2023-11-22T02:01:00+00:00\",\"dateModified\":\"2024-05-02T15:06:24+00:00\",\"mainEntityOfPage\":{\"@id\":\"https:\/\/manchesterproud.org\/bs\/podrska-za-prioritet-jedan-plan-objekata\/\"},\"wordCount\":169,\"commentCount\":0,\"image\":{\"@id\":\"https:\/\/manchesterproud.org\/bs\/podrska-za-prioritet-jedan-plan-objekata\/#primaryimage\"},\"thumbnailUrl\":\"https:\/\/manchesterproud.org\/wp-content\/uploads\/2024\/03\/blog-Default-ImageV2.jpg\",\"articleSection\":[\"Uncategorized @bs\"],\"inLanguage\":\"bs-BA\",\"potentialAction\":[{\"@type\":\"CommentAction\",\"name\":\"Comment\",\"target\":[\"https:\/\/manchesterproud.org\/bs\/podrska-za-prioritet-jedan-plan-objekata\/#respond\"]}]},{\"@type\":\"WebPage\",\"@id\":\"https:\/\/manchesterproud.org\/bs\/podrska-za-prioritet-jedan-plan-objekata\/\",\"url\":\"https:\/\/manchesterproud.org\/bs\/podrska-za-prioritet-jedan-plan-objekata\/\",\"name\":\"Podr\u0161ka za prioritet jedan plan objekata - Manchester Proud\",\"isPartOf\":{\"@id\":\"https:\/\/manchesterproud.org\/bs\/#website\"},\"primaryImageOfPage\":{\"@id\":\"https:\/\/manchesterproud.org\/bs\/podrska-za-prioritet-jedan-plan-objekata\/#primaryimage\"},\"image\":{\"@id\":\"https:\/\/manchesterproud.org\/bs\/podrska-za-prioritet-jedan-plan-objekata\/#primaryimage\"},\"thumbnailUrl\":\"https:\/\/manchesterproud.org\/wp-content\/uploads\/2024\/03\/blog-Default-ImageV2.jpg\",\"datePublished\":\"2023-11-22T02:01:00+00:00\",\"dateModified\":\"2024-05-02T15:06:24+00:00\",\"author\":{\"@id\":\"https:\/\/manchesterproud.org\/bs\/#\/schema\/person\/72ebe56e77a21fcef10992e67490f007\"},\"breadcrumb\":{\"@id\":\"https:\/\/manchesterproud.org\/bs\/podrska-za-prioritet-jedan-plan-objekata\/#breadcrumb\"},\"inLanguage\":\"bs-BA\",\"potentialAction\":[{\"@type\":\"ReadAction\",\"target\":[\"https:\/\/manchesterproud.org\/bs\/podrska-za-prioritet-jedan-plan-objekata\/\"]}]},{\"@type\":\"ImageObject\",\"inLanguage\":\"bs-BA\",\"@id\":\"https:\/\/manchesterproud.org\/bs\/podrska-za-prioritet-jedan-plan-objekata\/#primaryimage\",\"url\":\"https:\/\/manchesterproud.org\/wp-content\/uploads\/2024\/03\/blog-Default-ImageV2.jpg\",\"contentUrl\":\"https:\/\/manchesterproud.org\/wp-content\/uploads\/2024\/03\/blog-Default-ImageV2.jpg\",\"width\":936,\"height\":624},{\"@type\":\"BreadcrumbList\",\"@id\":\"https:\/\/manchesterproud.org\/bs\/podrska-za-prioritet-jedan-plan-objekata\/#breadcrumb\",\"itemListElement\":[{\"@type\":\"ListItem\",\"position\":1,\"name\":\"Home\",\"item\":\"https:\/\/manchesterproud.org\/bs\/dom\/\"},{\"@type\":\"ListItem\",\"position\":2,\"name\":\"Podr\u0161ka za prioritet jedan plan objekata\"}]},{\"@type\":\"WebSite\",\"@id\":\"https:\/\/manchesterproud.org\/bs\/#website\",\"url\":\"https:\/\/manchesterproud.org\/bs\/\",\"name\":\"Manchester Proud\",\"description\":\"\",\"potentialAction\":[{\"@type\":\"SearchAction\",\"target\":{\"@type\":\"EntryPoint\",\"urlTemplate\":\"https:\/\/manchesterproud.org\/bs\/?s={search_term_string}\"},\"query-input\":{\"@type\":\"PropertyValueSpecification\",\"valueRequired\":true,\"valueName\":\"search_term_string\"}}],\"inLanguage\":\"bs-BA\"},{\"@type\":\"Person\",\"@id\":\"https:\/\/manchesterproud.org\/bs\/#\/schema\/person\/72ebe56e77a21fcef10992e67490f007\",\"name\":\"Amy Welch\",\"image\":{\"@type\":\"ImageObject\",\"inLanguage\":\"bs-BA\",\"@id\":\"https:\/\/secure.gravatar.com\/avatar\/6889857d63357d1bfb021978bc7ebbc2344a4045f315325b1edd0e27d3d7b81d?s=96&d=mm&r=g\",\"url\":\"https:\/\/secure.gravatar.com\/avatar\/6889857d63357d1bfb021978bc7ebbc2344a4045f315325b1edd0e27d3d7b81d?s=96&d=mm&r=g\",\"contentUrl\":\"https:\/\/secure.gravatar.com\/avatar\/6889857d63357d1bfb021978bc7ebbc2344a4045f315325b1edd0e27d3d7b81d?s=96&d=mm&r=g\",\"caption\":\"Amy Welch\"},\"url\":\"https:\/\/manchesterproud.org\/bs\/author\/amywedu-com\/\"}]}<\/script>\n<!-- \/ Yoast SEO Premium plugin. -->","yoast_head_json":{"title":"Podr\u0161ka za prioritet jedan plan objekata - Manchester Proud","robots":{"index":"index","follow":"follow","max-snippet":"max-snippet:-1","max-image-preview":"max-image-preview:large","max-video-preview":"max-video-preview:-1"},"canonical":"https:\/\/manchesterproud.org\/bs\/podrska-za-prioritet-jedan-plan-objekata\/","og_locale":"bs_BA","og_type":"article","og_title":"Podr\u0161ka za prioritet jedan plan objekata","og_description":"Ve\u010deras, 21. novembra 2023., na sastanku odbora gradona\u010delnika i stare\u0161ine, upravnik \u0161kola u \u0161kolskom okrugu Manchester, Jennifer Chimiel Gillis, ur.","og_url":"https:\/\/manchesterproud.org\/bs\/podrska-za-prioritet-jedan-plan-objekata\/","og_site_name":"Manchester Proud","article_published_time":"2023-11-22T02:01:00+00:00","article_modified_time":"2024-05-02T15:06:24+00:00","og_image":[{"width":936,"height":624,"url":"https:\/\/manchesterproud.org\/wp-content\/uploads\/2024\/03\/blog-Default-ImageV2.jpg","type":"image\/jpeg"}],"author":"Amy Welch","twitter_card":"summary_large_image","twitter_misc":{"Written by":"Amy Welch","Est. reading time":"1 minuta"},"schema":{"@context":"https:\/\/schema.org","@graph":[{"@type":"Article","@id":"https:\/\/manchesterproud.org\/bs\/podrska-za-prioritet-jedan-plan-objekata\/#article","isPartOf":{"@id":"https:\/\/manchesterproud.org\/bs\/podrska-za-prioritet-jedan-plan-objekata\/"},"author":{"name":"Amy Welch","@id":"https:\/\/manchesterproud.org\/bs\/#\/schema\/person\/72ebe56e77a21fcef10992e67490f007"},"headline":"Podr\u0161ka za prioritet jedan plan objekata","datePublished":"2023-11-22T02:01:00+00:00","dateModified":"2024-05-02T15:06:24+00:00","mainEntityOfPage":{"@id":"https:\/\/manchesterproud.org\/bs\/podrska-za-prioritet-jedan-plan-objekata\/"},"wordCount":169,"commentCount":0,"image":{"@id":"https:\/\/manchesterproud.org\/bs\/podrska-za-prioritet-jedan-plan-objekata\/#primaryimage"},"thumbnailUrl":"https:\/\/manchesterproud.org\/wp-content\/uploads\/2024\/03\/blog-Default-ImageV2.jpg","articleSection":["Uncategorized @bs"],"inLanguage":"bs-BA","potentialAction":[{"@type":"CommentAction","name":"Comment","target":["https:\/\/manchesterproud.org\/bs\/podrska-za-prioritet-jedan-plan-objekata\/#respond"]}]},{"@type":"WebPage","@id":"https:\/\/manchesterproud.org\/bs\/podrska-za-prioritet-jedan-plan-objekata\/","url":"https:\/\/manchesterproud.org\/bs\/podrska-za-prioritet-jedan-plan-objekata\/","name":"Podr\u0161ka za prioritet jedan plan objekata - Manchester Proud","isPartOf":{"@id":"https:\/\/manchesterproud.org\/bs\/#website"},"primaryImageOfPage":{"@id":"https:\/\/manchesterproud.org\/bs\/podrska-za-prioritet-jedan-plan-objekata\/#primaryimage"},"image":{"@id":"https:\/\/manchesterproud.org\/bs\/podrska-za-prioritet-jedan-plan-objekata\/#primaryimage"},"thumbnailUrl":"https:\/\/manchesterproud.org\/wp-content\/uploads\/2024\/03\/blog-Default-ImageV2.jpg","datePublished":"2023-11-22T02:01:00+00:00","dateModified":"2024-05-02T15:06:24+00:00","author":{"@id":"https:\/\/manchesterproud.org\/bs\/#\/schema\/person\/72ebe56e77a21fcef10992e67490f007"},"breadcrumb":{"@id":"https:\/\/manchesterproud.org\/bs\/podrska-za-prioritet-jedan-plan-objekata\/#breadcrumb"},"inLanguage":"bs-BA","potentialAction":[{"@type":"ReadAction","target":["https:\/\/manchesterproud.org\/bs\/podrska-za-prioritet-jedan-plan-objekata\/"]}]},{"@type":"ImageObject","inLanguage":"bs-BA","@id":"https:\/\/manchesterproud.org\/bs\/podrska-za-prioritet-jedan-plan-objekata\/#primaryimage","url":"https:\/\/manchesterproud.org\/wp-content\/uploads\/2024\/03\/blog-Default-ImageV2.jpg","contentUrl":"https:\/\/manchesterproud.org\/wp-content\/uploads\/2024\/03\/blog-Default-ImageV2.jpg","width":936,"height":624},{"@type":"BreadcrumbList","@id":"https:\/\/manchesterproud.org\/bs\/podrska-za-prioritet-jedan-plan-objekata\/#breadcrumb","itemListElement":[{"@type":"ListItem","position":1,"name":"Home","item":"https:\/\/manchesterproud.org\/bs\/dom\/"},{"@type":"ListItem","position":2,"name":"Podr\u0161ka za prioritet jedan plan objekata"}]},{"@type":"WebSite","@id":"https:\/\/manchesterproud.org\/bs\/#website","url":"https:\/\/manchesterproud.org\/bs\/","name":"Manchester Proud","description":"","potentialAction":[{"@type":"SearchAction","target":{"@type":"EntryPoint","urlTemplate":"https:\/\/manchesterproud.org\/bs\/?s={search_term_string}"},"query-input":{"@type":"PropertyValueSpecification","valueRequired":true,"valueName":"search_term_string"}}],"inLanguage":"bs-BA"},{"@type":"Person","@id":"https:\/\/manchesterproud.org\/bs\/#\/schema\/person\/72ebe56e77a21fcef10992e67490f007","name":"Amy Welch","image":{"@type":"ImageObject","inLanguage":"bs-BA","@id":"https:\/\/secure.gravatar.com\/avatar\/6889857d63357d1bfb021978bc7ebbc2344a4045f315325b1edd0e27d3d7b81d?s=96&d=mm&r=g","url":"https:\/\/secure.gravatar.com\/avatar\/6889857d63357d1bfb021978bc7ebbc2344a4045f315325b1edd0e27d3d7b81d?s=96&d=mm&r=g","contentUrl":"https:\/\/secure.gravatar.com\/avatar\/6889857d63357d1bfb021978bc7ebbc2344a4045f315325b1edd0e27d3d7b81d?s=96&d=mm&r=g","caption":"Amy Welch"},"url":"https:\/\/manchesterproud.org\/bs\/author\/amywedu-com\/"}]}},"_links":{"self":[{"href":"https:\/\/manchesterproud.org\/bs\/wp-json\/wp\/v2\/posts\/10102","targetHints":{"allow":["GET"]}}],"collection":[{"href":"https:\/\/manchesterproud.org\/bs\/wp-json\/wp\/v2\/posts"}],"about":[{"href":"https:\/\/manchesterproud.org\/bs\/wp-json\/wp\/v2\/types\/post"}],"author":[{"embeddable":true,"href":"https:\/\/manchesterproud.org\/bs\/wp-json\/wp\/v2\/users\/2"}],"replies":[{"embeddable":true,"href":"https:\/\/manchesterproud.org\/bs\/wp-json\/wp\/v2\/comments?post=10102"}],"version-history":[{"count":0,"href":"https:\/\/manchesterproud.org\/bs\/wp-json\/wp\/v2\/posts\/10102\/revisions"}],"wp:featuredmedia":[{"embeddable":true,"href":"https:\/\/manchesterproud.org\/bs\/wp-json\/wp\/v2\/media\/3021"}],"wp:attachment":[{"href":"https:\/\/manchesterproud.org\/bs\/wp-json\/wp\/v2\/media?parent=10102"}],"wp:term":[{"taxonomy":"category","embeddable":true,"href":"https:\/\/manchesterproud.org\/bs\/wp-json\/wp\/v2\/categories?post=10102"},{"taxonomy":"post_tag","embeddable":true,"href":"https:\/\/manchesterproud.org\/bs\/wp-json\/wp\/v2\/tags?post=10102"}],"curies":[{"name":"wp","href":"https:\/\/api.w.org\/{rel}","templated":true}]}}