{"id":10137,"date":"2023-10-10T21:05:06","date_gmt":"2023-10-11T01:05:06","guid":{"rendered":"https:\/\/manchesterproud.org\/oktobar-2023-azuriranje-stanja-skolskog-distrikta-manchester-2023-2024-i-festivala-celebrateded-2023\/"},"modified":"2024-05-02T11:03:27","modified_gmt":"2024-05-02T15:03:27","slug":"oktobar-2023-azuriranje-stanja-skolskog-distrikta-manchester-2023-2024-i-festivala-celebrateded-2023","status":"publish","type":"post","link":"https:\/\/manchesterproud.org\/bs\/oktobar-2023-azuriranje-stanja-skolskog-distrikta-manchester-2023-2024-i-festivala-celebrateded-2023\/","title":{"rendered":"Oktobar 2023. \u2013 A\u017euriranje stanja \u0161kolskog distrikta Manchester 2023-2024 i festivala CelebratedED 2023."},"content":{"rendered":"\n<p>Pro\u0161li mjesec je bio uzbudljiv period za Manchester Proud! Proveli smo ve\u0107i dio mjeseca (i dosta vremena prije) pripremaju\u0107i se za forum zajednice State of the Manchester School District i Festival CelebratED 2023! Oba ova doga\u0111aja nagla\u0161avaju nevjerovatne stvari koje se de\u0161avaju u javnim \u0161kolama u Manchesteru!<\/p>\n\n<p>Drugi godi\u0161nji State of Manchester School District 2023-2024 odr\u017ean je 21. septembra 2023. u REX teatru. Proizveden u partnerstvu od strane Manchester Proud-a, Distrikta i Velike komore Man\u010destera, doga\u0111aj je bio ve\u010de na kojem su se lokalni poslovni i lokalni lideri okupili sa zvani\u010dnicima \u0161kolskog okruga Manchester kako bi informirali o dosada\u0161njem napretku Distrikta i ciljevima za novu \u0161kolsku godinu. Direktorica \u0161kola, dr. Jennifer Chmiel Gillis i njen tim impresionirali su nas sve svojom profesionalno\u0161\u0107u i stra\u0161\u0107u prema uspjehu u\u010denika Manchestera.<\/p>\n\n<p>Evo uzorka nekih a\u017euriranja dostavljenih tokom State of Manchester School District:  <\/p>\n\n<ul class=\"wp-block-list\">\n<li>Komunikacija Distrikta sa u\u010denicima, roditeljima, osobljem i zajednicom bit \u0107e pobolj\u0161ana novom web-stranicom i logotipom. U\u010de\u0161\u0107e u \u0161koli je prvi korak ka u\u010denju. Pokrenut je novi program \u201cShow Up Manchester\u201d kako bi se pove\u0107ala posje\u0107enost.<\/li>\n\n\n\n<li>Na\u0161a osnovna \u0161kola Bakersville postat \u0107e prva \u0161kola za u\u010denje dualnog jezika u New Hampshireu!<\/li>\n\n\n\n<li>Ishodi u\u010denika su pobolj\u0161ani, dijelom zbog vi\u0161e standardizacije u nastavnim planovima i programima izme\u0111u \u0161kola.  <\/li>\n<\/ul>\n\n<p>Nakon \u0161to je saslu\u0161ao voditeljski tim Distrikta, dr. Gillis je postavljao pitanja od strane publike, kao i pojedinaca na internetu. Pristiglo je preko 30 pitanja, \u0161to pokazuje strast i brigu za uspjeh na\u0161ih u\u010denika i \u0161kola! Gradona\u010delnica Joyce Craig zatvorila je program uz napomenu o tome koliko je uspjeh na\u0161ih javnih \u0161kola kriti\u010dan za budu\u0107nost cijelog Manchestera.  <\/p>\n\n<p>Vo\u017enja uspjeha i radosti na drugom godi\u0161njem turniru State of Manchester School District, CelebratED se odr\u017eao tog vikenda. 23. septembra 2023. godine, Veteranski park je pretvoren u festival u \u010dast na\u0161ih javnih \u0161kola! Ove godine na\u0161a proslava \u0161kola i zajednice u Man\u010desteru privukla je najve\u0107u publiku do sada i ispunila Veteran's Park radosnim u\u010denicima i porodicama. (Budu\u0107i da je doga\u0111aj bio otvoren za javnost, koji je dolazio i prolazio tokom cijelog dana, te\u0161ko je utvrditi ukupan broj prisutnih. Me\u0111utim, grubi broj je ukazivao na 5.000 posjetitelja u parku sredinom dana!)<\/p>\n\n<p>Dan je zapo\u010deo pozdravnim rije\u010dima na\u0161eg gradona\u010delnika, upravnika \u0161kola i predsjednika Vije\u0107a Manchester Prouda. Slijedilo je predstavljanje ovogodi\u0161njih \u010dlanova Gradske godine, nakon \u010dega je uslijedila neprekidna zabava i \u0161kolske proslave od 11:00 do 16:00 sati. Odluka na\u0161eg tima za planiranje da uklju\u010di vi\u0161e u\u010deni\u010dkih nastupa i manje profesionalnih zabavlja\u010da bila je jo\u0161 jedan veliki korak naprijed i privukla je mnoge entuzijasti\u010dne u\u010denike i roditelje.<\/p>\n\n<p>Svi u parku u\u017eivali su u mogu\u0107nostima multikulturalne hrane, besplatnim knjigama prilago\u0111enim uzrastu za sve u\u010denike i bezbrojnim aktivnostima za djecu svih uzrasta.<\/p>\n\n<p>Evo primjera pri\u010da o uspjehu festivala:<\/p>\n\n<ul class=\"wp-block-list\">\n<li>Po prvi put, svih 21 dr\u017eavna \u0161kola u Man\u010desteru u\u010destvovala je u doga\u0111aju, mnoge sa promi\u0161ljeno planiranim i uvje\u017ebanim nastupima.<\/li>\n\n\n\n<li>Ove godine smo dodali \u201cMusic Caf\u00e9\u201d, mjesto izvan glavne pozornice za na\u0161e srednjo\u0161kolce i srednjo\u0161kolce za solo nastupe.<\/li>\n\n\n\n<li>Novost ove godine bila je i \u201eUmjetni\u010dka galerija u parku\u201c, zatvorena zona sa ulazom u portal kako bi se pru\u017eila vi\u0161e etapa za izlaganje studentske umjetnosti. Bilo je 200 linearnih stopa ogradnog prostora prekrivenog s obje strane prekrasnim umjetni\u010dkim djelima!<\/li>\n\n\n\n<li>Pro\u0161le godine smo bili odu\u0161evljeni \u0161to smo izvijestili da se 31 dru\u0161tvena organizacija pridru\u017eila na\u0161em doga\u0111aju sa \u0161tandovima i aktivnostima. Zanimljivo je da smo ove godine imali skoro 50! Ovaj sna\u017ean nastup, uprkos sumnjivom vremenu, jasan je pokazatelj da CelebratED postaje godi\u0161nji doga\u0111aj koji se mora posjetiti.<\/li>\n\n\n\n<li>Prezentacijama su dodane i na\u0161e nagrade \u201eGame Changer\u201c, kojima se odaje po\u010dast 110 u\u010denika, nastavnika i osoblja iz sve 21 \u0161kole, koje su njihovi direktori izabrali da idu iznad i dalje kako bi svoje \u0161kole u\u010dinili sjajnim. Ovo je vrhunski duh CelebratedED!<\/li>\n\n\n\n<li>Proslavili smo nau\u010dno obrazovanje takmi\u010denjem iz robotike, a student Manchester School of Technology je napravio avion.<\/li>\n\n\n\n<li>Policijska, vatrogasna i zdravstvena odjeljenja Manchestera pridru\u017eili su se konjima, ponijima, vatrogasnim vozilima i kombijem za stomatologiju.<\/li>\n\n\n\n<li>895 u\u010denika osnovnih \u0161kola u\u010destvovalo je na na\u0161em takmi\u010denju \u201eMi se pojavljujemo\u201c, na kojem je pobijedila \u0161kola Smyth Road. \u0160kola Smyth Road \u0107e u\u017eivati \u200b\u200bu zabavi koju sponzori\u0161u SEE Nau\u010dni centar i Puritan Backroom!  <\/li>\n\n\n\n<li>Oti\u0161lo je 847 u\u010denika sa knjigama, markerima i podsticanjem interesovanja za \u010ditanje.<\/li>\n<\/ul>\n\n<p>Jo\u0161 jednom smo nahranili hiljade \u2013 sve besplatno! Ove godine smo pro\u0161irili na\u0161 multikulturalni meni na: gr\u010dku pizzu, karipsku, tajlandsku i mediteransku hranu, plus Kona Ice za svu djecu.<\/p>\n\n<p>Sve je to omogu\u0107ilo 23 poslovna partnera i na\u0161e CEAG (City of Manchester Community Event &amp; Activation Grant) finansiranje (pogledajte te partnere u na\u0161em odjeljku Istaknuti sponzori u biltenu) \u0161to nam je omogu\u0107ilo da doga\u0111aj u\u010dinimo besplatnim za svu djecu i porodice. Eliminacija tro\u0161kova, komunikacija na vi\u0161e jezika, obezbe\u0111ivanje ASL prevodioca za sve nastupe na sceni i ponuda besplatnog prevoza su deo na\u0161e posve\u0107enosti da CelebratED u\u010dinimo dostupnim svima u Man\u010desteru.<\/p>\n\n<p>  Naprijed u planiranje State of Manchester School District 2024-2025 i CelebratED 2024!<\/p>\n","protected":false},"excerpt":{"rendered":"<p>Pro\u0161li mjesec je bio uzbudljiv period za Manchester Proud! Proveli smo ve\u0107i dio mjeseca (i dosta vremena prije) pripremaju\u0107i se za forum zajednice State of the Manchester School District i  <a href=\"https:\/\/manchesterproud.org\/bs\/oktobar-2023-azuriranje-stanja-skolskog-distrikta-manchester-2023-2024-i-festivala-celebrateded-2023\/\" rel=\"bookmark\" title=\"Oktobar 2023. \u2013 A\u017euriranje stanja \u0161kolskog distrikta Manchester 2023-2024 i festivala CelebratedED 2023.\">[&hellip;]<\/a><\/p>\n","protected":false},"author":2,"featured_media":3021,"comment_status":"open","ping_status":"closed","sticky":false,"template":"","format":"standard","meta":{"_acf_changed":false,"_mo_disable_npp":"","footnotes":""},"categories":[106],"tags":[],"class_list":["post-10137","post","type-post","status-publish","format-standard","has-post-thumbnail","hentry","category-uncategorized-bs"],"acf":[],"yoast_head":"<!-- This site is optimized with the Yoast SEO Premium plugin v21.5 (Yoast SEO v27.2) - https:\/\/yoast.com\/product\/yoast-seo-premium-wordpress\/ -->\n<title>Oktobar 2023. \u2013 A\u017euriranje stanja \u0161kolskog distrikta Manchester 2023-2024 i festivala CelebratedED 2023. - Manchester Proud<\/title>\n<meta name=\"robots\" content=\"index, follow, max-snippet:-1, max-image-preview:large, max-video-preview:-1\" \/>\n<link rel=\"canonical\" href=\"https:\/\/manchesterproud.org\/bs\/oktobar-2023-azuriranje-stanja-skolskog-distrikta-manchester-2023-2024-i-festivala-celebrateded-2023\/\" \/>\n<meta property=\"og:locale\" content=\"bs_BA\" \/>\n<meta property=\"og:type\" content=\"article\" \/>\n<meta property=\"og:title\" content=\"Oktobar 2023. \u2013 A\u017euriranje stanja \u0161kolskog distrikta Manchester 2023-2024 i festivala CelebratedED 2023.\" \/>\n<meta property=\"og:description\" content=\"Pro\u0161li mjesec je bio uzbudljiv period za Manchester Proud! Proveli smo ve\u0107i dio mjeseca (i dosta vremena prije) pripremaju\u0107i se za forum zajednice State\" \/>\n<meta property=\"og:url\" content=\"https:\/\/manchesterproud.org\/bs\/oktobar-2023-azuriranje-stanja-skolskog-distrikta-manchester-2023-2024-i-festivala-celebrateded-2023\/\" \/>\n<meta property=\"og:site_name\" content=\"Manchester Proud\" \/>\n<meta property=\"article:published_time\" content=\"2023-10-11T01:05:06+00:00\" \/>\n<meta property=\"article:modified_time\" content=\"2024-05-02T15:03:27+00:00\" \/>\n<meta property=\"og:image\" content=\"https:\/\/manchesterproud.org\/wp-content\/uploads\/2024\/03\/blog-Default-ImageV2.jpg\" \/>\n\t<meta property=\"og:image:width\" content=\"936\" \/>\n\t<meta property=\"og:image:height\" content=\"624\" \/>\n\t<meta property=\"og:image:type\" content=\"image\/jpeg\" \/>\n<meta name=\"author\" content=\"Amy Welch\" \/>\n<meta name=\"twitter:card\" content=\"summary_large_image\" \/>\n<meta name=\"twitter:label1\" content=\"Written by\" \/>\n\t<meta name=\"twitter:data1\" content=\"Amy Welch\" \/>\n\t<meta name=\"twitter:label2\" content=\"Est. reading time\" \/>\n\t<meta name=\"twitter:data2\" content=\"5 minuta\" \/>\n<script type=\"application\/ld+json\" class=\"yoast-schema-graph\">{\"@context\":\"https:\/\/schema.org\",\"@graph\":[{\"@type\":\"Article\",\"@id\":\"https:\/\/manchesterproud.org\/bs\/oktobar-2023-azuriranje-stanja-skolskog-distrikta-manchester-2023-2024-i-festivala-celebrateded-2023\/#article\",\"isPartOf\":{\"@id\":\"https:\/\/manchesterproud.org\/bs\/oktobar-2023-azuriranje-stanja-skolskog-distrikta-manchester-2023-2024-i-festivala-celebrateded-2023\/\"},\"author\":{\"name\":\"Amy Welch\",\"@id\":\"https:\/\/manchesterproud.org\/bs\/#\/schema\/person\/72ebe56e77a21fcef10992e67490f007\"},\"headline\":\"Oktobar 2023. \u2013 A\u017euriranje stanja \u0161kolskog distrikta Manchester 2023-2024 i festivala CelebratedED 2023.\",\"datePublished\":\"2023-10-11T01:05:06+00:00\",\"dateModified\":\"2024-05-02T15:03:27+00:00\",\"mainEntityOfPage\":{\"@id\":\"https:\/\/manchesterproud.org\/bs\/oktobar-2023-azuriranje-stanja-skolskog-distrikta-manchester-2023-2024-i-festivala-celebrateded-2023\/\"},\"wordCount\":915,\"commentCount\":0,\"image\":{\"@id\":\"https:\/\/manchesterproud.org\/bs\/oktobar-2023-azuriranje-stanja-skolskog-distrikta-manchester-2023-2024-i-festivala-celebrateded-2023\/#primaryimage\"},\"thumbnailUrl\":\"https:\/\/manchesterproud.org\/wp-content\/uploads\/2024\/03\/blog-Default-ImageV2.jpg\",\"articleSection\":[\"Uncategorized @bs\"],\"inLanguage\":\"bs-BA\",\"potentialAction\":[{\"@type\":\"CommentAction\",\"name\":\"Comment\",\"target\":[\"https:\/\/manchesterproud.org\/bs\/oktobar-2023-azuriranje-stanja-skolskog-distrikta-manchester-2023-2024-i-festivala-celebrateded-2023\/#respond\"]}]},{\"@type\":\"WebPage\",\"@id\":\"https:\/\/manchesterproud.org\/bs\/oktobar-2023-azuriranje-stanja-skolskog-distrikta-manchester-2023-2024-i-festivala-celebrateded-2023\/\",\"url\":\"https:\/\/manchesterproud.org\/bs\/oktobar-2023-azuriranje-stanja-skolskog-distrikta-manchester-2023-2024-i-festivala-celebrateded-2023\/\",\"name\":\"Oktobar 2023. \u2013 A\u017euriranje stanja \u0161kolskog distrikta Manchester 2023-2024 i festivala CelebratedED 2023. - Manchester Proud\",\"isPartOf\":{\"@id\":\"https:\/\/manchesterproud.org\/bs\/#website\"},\"primaryImageOfPage\":{\"@id\":\"https:\/\/manchesterproud.org\/bs\/oktobar-2023-azuriranje-stanja-skolskog-distrikta-manchester-2023-2024-i-festivala-celebrateded-2023\/#primaryimage\"},\"image\":{\"@id\":\"https:\/\/manchesterproud.org\/bs\/oktobar-2023-azuriranje-stanja-skolskog-distrikta-manchester-2023-2024-i-festivala-celebrateded-2023\/#primaryimage\"},\"thumbnailUrl\":\"https:\/\/manchesterproud.org\/wp-content\/uploads\/2024\/03\/blog-Default-ImageV2.jpg\",\"datePublished\":\"2023-10-11T01:05:06+00:00\",\"dateModified\":\"2024-05-02T15:03:27+00:00\",\"author\":{\"@id\":\"https:\/\/manchesterproud.org\/bs\/#\/schema\/person\/72ebe56e77a21fcef10992e67490f007\"},\"breadcrumb\":{\"@id\":\"https:\/\/manchesterproud.org\/bs\/oktobar-2023-azuriranje-stanja-skolskog-distrikta-manchester-2023-2024-i-festivala-celebrateded-2023\/#breadcrumb\"},\"inLanguage\":\"bs-BA\",\"potentialAction\":[{\"@type\":\"ReadAction\",\"target\":[\"https:\/\/manchesterproud.org\/bs\/oktobar-2023-azuriranje-stanja-skolskog-distrikta-manchester-2023-2024-i-festivala-celebrateded-2023\/\"]}]},{\"@type\":\"ImageObject\",\"inLanguage\":\"bs-BA\",\"@id\":\"https:\/\/manchesterproud.org\/bs\/oktobar-2023-azuriranje-stanja-skolskog-distrikta-manchester-2023-2024-i-festivala-celebrateded-2023\/#primaryimage\",\"url\":\"https:\/\/manchesterproud.org\/wp-content\/uploads\/2024\/03\/blog-Default-ImageV2.jpg\",\"contentUrl\":\"https:\/\/manchesterproud.org\/wp-content\/uploads\/2024\/03\/blog-Default-ImageV2.jpg\",\"width\":936,\"height\":624},{\"@type\":\"BreadcrumbList\",\"@id\":\"https:\/\/manchesterproud.org\/bs\/oktobar-2023-azuriranje-stanja-skolskog-distrikta-manchester-2023-2024-i-festivala-celebrateded-2023\/#breadcrumb\",\"itemListElement\":[{\"@type\":\"ListItem\",\"position\":1,\"name\":\"Home\",\"item\":\"https:\/\/manchesterproud.org\/bs\/dom\/\"},{\"@type\":\"ListItem\",\"position\":2,\"name\":\"Oktobar 2023. \u2013 A\u017euriranje stanja \u0161kolskog distrikta Manchester 2023-2024 i festivala CelebratedED 2023.\"}]},{\"@type\":\"WebSite\",\"@id\":\"https:\/\/manchesterproud.org\/bs\/#website\",\"url\":\"https:\/\/manchesterproud.org\/bs\/\",\"name\":\"Manchester Proud\",\"description\":\"\",\"potentialAction\":[{\"@type\":\"SearchAction\",\"target\":{\"@type\":\"EntryPoint\",\"urlTemplate\":\"https:\/\/manchesterproud.org\/bs\/?s={search_term_string}\"},\"query-input\":{\"@type\":\"PropertyValueSpecification\",\"valueRequired\":true,\"valueName\":\"search_term_string\"}}],\"inLanguage\":\"bs-BA\"},{\"@type\":\"Person\",\"@id\":\"https:\/\/manchesterproud.org\/bs\/#\/schema\/person\/72ebe56e77a21fcef10992e67490f007\",\"name\":\"Amy Welch\",\"image\":{\"@type\":\"ImageObject\",\"inLanguage\":\"bs-BA\",\"@id\":\"https:\/\/secure.gravatar.com\/avatar\/6889857d63357d1bfb021978bc7ebbc2344a4045f315325b1edd0e27d3d7b81d?s=96&d=mm&r=g\",\"url\":\"https:\/\/secure.gravatar.com\/avatar\/6889857d63357d1bfb021978bc7ebbc2344a4045f315325b1edd0e27d3d7b81d?s=96&d=mm&r=g\",\"contentUrl\":\"https:\/\/secure.gravatar.com\/avatar\/6889857d63357d1bfb021978bc7ebbc2344a4045f315325b1edd0e27d3d7b81d?s=96&d=mm&r=g\",\"caption\":\"Amy Welch\"},\"url\":\"https:\/\/manchesterproud.org\/bs\/author\/amywedu-com\/\"}]}<\/script>\n<!-- \/ Yoast SEO Premium plugin. -->","yoast_head_json":{"title":"Oktobar 2023. \u2013 A\u017euriranje stanja \u0161kolskog distrikta Manchester 2023-2024 i festivala CelebratedED 2023. - Manchester Proud","robots":{"index":"index","follow":"follow","max-snippet":"max-snippet:-1","max-image-preview":"max-image-preview:large","max-video-preview":"max-video-preview:-1"},"canonical":"https:\/\/manchesterproud.org\/bs\/oktobar-2023-azuriranje-stanja-skolskog-distrikta-manchester-2023-2024-i-festivala-celebrateded-2023\/","og_locale":"bs_BA","og_type":"article","og_title":"Oktobar 2023. \u2013 A\u017euriranje stanja \u0161kolskog distrikta Manchester 2023-2024 i festivala CelebratedED 2023.","og_description":"Pro\u0161li mjesec je bio uzbudljiv period za Manchester Proud! Proveli smo ve\u0107i dio mjeseca (i dosta vremena prije) pripremaju\u0107i se za forum zajednice State","og_url":"https:\/\/manchesterproud.org\/bs\/oktobar-2023-azuriranje-stanja-skolskog-distrikta-manchester-2023-2024-i-festivala-celebrateded-2023\/","og_site_name":"Manchester Proud","article_published_time":"2023-10-11T01:05:06+00:00","article_modified_time":"2024-05-02T15:03:27+00:00","og_image":[{"width":936,"height":624,"url":"https:\/\/manchesterproud.org\/wp-content\/uploads\/2024\/03\/blog-Default-ImageV2.jpg","type":"image\/jpeg"}],"author":"Amy Welch","twitter_card":"summary_large_image","twitter_misc":{"Written by":"Amy Welch","Est. reading time":"5 minuta"},"schema":{"@context":"https:\/\/schema.org","@graph":[{"@type":"Article","@id":"https:\/\/manchesterproud.org\/bs\/oktobar-2023-azuriranje-stanja-skolskog-distrikta-manchester-2023-2024-i-festivala-celebrateded-2023\/#article","isPartOf":{"@id":"https:\/\/manchesterproud.org\/bs\/oktobar-2023-azuriranje-stanja-skolskog-distrikta-manchester-2023-2024-i-festivala-celebrateded-2023\/"},"author":{"name":"Amy Welch","@id":"https:\/\/manchesterproud.org\/bs\/#\/schema\/person\/72ebe56e77a21fcef10992e67490f007"},"headline":"Oktobar 2023. \u2013 A\u017euriranje stanja \u0161kolskog distrikta Manchester 2023-2024 i festivala CelebratedED 2023.","datePublished":"2023-10-11T01:05:06+00:00","dateModified":"2024-05-02T15:03:27+00:00","mainEntityOfPage":{"@id":"https:\/\/manchesterproud.org\/bs\/oktobar-2023-azuriranje-stanja-skolskog-distrikta-manchester-2023-2024-i-festivala-celebrateded-2023\/"},"wordCount":915,"commentCount":0,"image":{"@id":"https:\/\/manchesterproud.org\/bs\/oktobar-2023-azuriranje-stanja-skolskog-distrikta-manchester-2023-2024-i-festivala-celebrateded-2023\/#primaryimage"},"thumbnailUrl":"https:\/\/manchesterproud.org\/wp-content\/uploads\/2024\/03\/blog-Default-ImageV2.jpg","articleSection":["Uncategorized @bs"],"inLanguage":"bs-BA","potentialAction":[{"@type":"CommentAction","name":"Comment","target":["https:\/\/manchesterproud.org\/bs\/oktobar-2023-azuriranje-stanja-skolskog-distrikta-manchester-2023-2024-i-festivala-celebrateded-2023\/#respond"]}]},{"@type":"WebPage","@id":"https:\/\/manchesterproud.org\/bs\/oktobar-2023-azuriranje-stanja-skolskog-distrikta-manchester-2023-2024-i-festivala-celebrateded-2023\/","url":"https:\/\/manchesterproud.org\/bs\/oktobar-2023-azuriranje-stanja-skolskog-distrikta-manchester-2023-2024-i-festivala-celebrateded-2023\/","name":"Oktobar 2023. \u2013 A\u017euriranje stanja \u0161kolskog distrikta Manchester 2023-2024 i festivala CelebratedED 2023. - Manchester Proud","isPartOf":{"@id":"https:\/\/manchesterproud.org\/bs\/#website"},"primaryImageOfPage":{"@id":"https:\/\/manchesterproud.org\/bs\/oktobar-2023-azuriranje-stanja-skolskog-distrikta-manchester-2023-2024-i-festivala-celebrateded-2023\/#primaryimage"},"image":{"@id":"https:\/\/manchesterproud.org\/bs\/oktobar-2023-azuriranje-stanja-skolskog-distrikta-manchester-2023-2024-i-festivala-celebrateded-2023\/#primaryimage"},"thumbnailUrl":"https:\/\/manchesterproud.org\/wp-content\/uploads\/2024\/03\/blog-Default-ImageV2.jpg","datePublished":"2023-10-11T01:05:06+00:00","dateModified":"2024-05-02T15:03:27+00:00","author":{"@id":"https:\/\/manchesterproud.org\/bs\/#\/schema\/person\/72ebe56e77a21fcef10992e67490f007"},"breadcrumb":{"@id":"https:\/\/manchesterproud.org\/bs\/oktobar-2023-azuriranje-stanja-skolskog-distrikta-manchester-2023-2024-i-festivala-celebrateded-2023\/#breadcrumb"},"inLanguage":"bs-BA","potentialAction":[{"@type":"ReadAction","target":["https:\/\/manchesterproud.org\/bs\/oktobar-2023-azuriranje-stanja-skolskog-distrikta-manchester-2023-2024-i-festivala-celebrateded-2023\/"]}]},{"@type":"ImageObject","inLanguage":"bs-BA","@id":"https:\/\/manchesterproud.org\/bs\/oktobar-2023-azuriranje-stanja-skolskog-distrikta-manchester-2023-2024-i-festivala-celebrateded-2023\/#primaryimage","url":"https:\/\/manchesterproud.org\/wp-content\/uploads\/2024\/03\/blog-Default-ImageV2.jpg","contentUrl":"https:\/\/manchesterproud.org\/wp-content\/uploads\/2024\/03\/blog-Default-ImageV2.jpg","width":936,"height":624},{"@type":"BreadcrumbList","@id":"https:\/\/manchesterproud.org\/bs\/oktobar-2023-azuriranje-stanja-skolskog-distrikta-manchester-2023-2024-i-festivala-celebrateded-2023\/#breadcrumb","itemListElement":[{"@type":"ListItem","position":1,"name":"Home","item":"https:\/\/manchesterproud.org\/bs\/dom\/"},{"@type":"ListItem","position":2,"name":"Oktobar 2023. \u2013 A\u017euriranje stanja \u0161kolskog distrikta Manchester 2023-2024 i festivala CelebratedED 2023."}]},{"@type":"WebSite","@id":"https:\/\/manchesterproud.org\/bs\/#website","url":"https:\/\/manchesterproud.org\/bs\/","name":"Manchester Proud","description":"","potentialAction":[{"@type":"SearchAction","target":{"@type":"EntryPoint","urlTemplate":"https:\/\/manchesterproud.org\/bs\/?s={search_term_string}"},"query-input":{"@type":"PropertyValueSpecification","valueRequired":true,"valueName":"search_term_string"}}],"inLanguage":"bs-BA"},{"@type":"Person","@id":"https:\/\/manchesterproud.org\/bs\/#\/schema\/person\/72ebe56e77a21fcef10992e67490f007","name":"Amy Welch","image":{"@type":"ImageObject","inLanguage":"bs-BA","@id":"https:\/\/secure.gravatar.com\/avatar\/6889857d63357d1bfb021978bc7ebbc2344a4045f315325b1edd0e27d3d7b81d?s=96&d=mm&r=g","url":"https:\/\/secure.gravatar.com\/avatar\/6889857d63357d1bfb021978bc7ebbc2344a4045f315325b1edd0e27d3d7b81d?s=96&d=mm&r=g","contentUrl":"https:\/\/secure.gravatar.com\/avatar\/6889857d63357d1bfb021978bc7ebbc2344a4045f315325b1edd0e27d3d7b81d?s=96&d=mm&r=g","caption":"Amy Welch"},"url":"https:\/\/manchesterproud.org\/bs\/author\/amywedu-com\/"}]}},"_links":{"self":[{"href":"https:\/\/manchesterproud.org\/bs\/wp-json\/wp\/v2\/posts\/10137","targetHints":{"allow":["GET"]}}],"collection":[{"href":"https:\/\/manchesterproud.org\/bs\/wp-json\/wp\/v2\/posts"}],"about":[{"href":"https:\/\/manchesterproud.org\/bs\/wp-json\/wp\/v2\/types\/post"}],"author":[{"embeddable":true,"href":"https:\/\/manchesterproud.org\/bs\/wp-json\/wp\/v2\/users\/2"}],"replies":[{"embeddable":true,"href":"https:\/\/manchesterproud.org\/bs\/wp-json\/wp\/v2\/comments?post=10137"}],"version-history":[{"count":0,"href":"https:\/\/manchesterproud.org\/bs\/wp-json\/wp\/v2\/posts\/10137\/revisions"}],"wp:featuredmedia":[{"embeddable":true,"href":"https:\/\/manchesterproud.org\/bs\/wp-json\/wp\/v2\/media\/3021"}],"wp:attachment":[{"href":"https:\/\/manchesterproud.org\/bs\/wp-json\/wp\/v2\/media?parent=10137"}],"wp:term":[{"taxonomy":"category","embeddable":true,"href":"https:\/\/manchesterproud.org\/bs\/wp-json\/wp\/v2\/categories?post=10137"},{"taxonomy":"post_tag","embeddable":true,"href":"https:\/\/manchesterproud.org\/bs\/wp-json\/wp\/v2\/tags?post=10137"}],"curies":[{"name":"wp","href":"https:\/\/api.w.org\/{rel}","templated":true}]}}