{"id":10154,"date":"2023-10-10T21:05:06","date_gmt":"2023-10-11T01:05:06","guid":{"rendered":"https:\/\/manchesterproud.org\/octubre-de-2023-actualizacion-sobre-el-estado-del-distrito-escolar-de-manchester-2023-2024-y-el-festival-celebrated-2023\/"},"modified":"2024-05-02T11:03:28","modified_gmt":"2024-05-02T15:03:28","slug":"octubre-de-2023-actualizacion-sobre-el-estado-del-distrito-escolar-de-manchester-2023-2024-y-el-festival-celebrated-2023","status":"publish","type":"post","link":"https:\/\/manchesterproud.org\/es\/octubre-de-2023-actualizacion-sobre-el-estado-del-distrito-escolar-de-manchester-2023-2024-y-el-festival-celebrated-2023\/","title":{"rendered":"Octubre de 2023: actualizaci\u00f3n sobre el estado del distrito escolar de Manchester 2023-2024 y el festival CelebratED 2023"},"content":{"rendered":"\n<p>\u00a1El mes pasado fue un momento emocionante para Manchester Proud! \u00a1Pasamos la mayor parte del mes (y un tiempo considerable antes) prepar\u00e1ndonos para el Foro Comunitario del Estado del Distrito Escolar de Manchester y el Festival CelebratED 2023! \u00a1Ambos eventos resaltan las cosas maravillosas que est\u00e1n sucediendo en las escuelas p\u00fablicas de Manchester!<\/p>\n\n<p>El segundo informe anual sobre el estado del distrito escolar de Manchester 2023-2024 se llev\u00f3 a cabo el 21 de septiembre de 2023 en el Teatro REX. Producido en asociaci\u00f3n por Manchester Proud, el Distrito y la C\u00e1mara del Gran Manchester, el evento fue una velada en la que l\u00edderes comunitarios y empresariales locales se reunieron con funcionarios del Distrito Escolar de Manchester para obtener una actualizaci\u00f3n sobre el progreso del Distrito hasta la fecha y las metas para el nuevo a\u00f1o escolar. La Superintendente de Escuelas, Dra. Jennifer Chmiel Gillis y su equipo nos impresionaron a todos con su profesionalismo y pasi\u00f3n por el \u00e9xito de los estudiantes de Manchester.<\/p>\n\n<p>Aqu\u00ed hay una muestra de algunas de las actualizaciones proporcionadas durante el Estado del Distrito Escolar de Manchester:  <\/p>\n\n<ul class=\"wp-block-list\">\n<li>Las comunicaciones del Distrito con los estudiantes, padres, personal y comunidad se ver\u00e1n mejoradas por su nuevo sitio web y logotipo. Participar en la escuela es el primer paso hacia el aprendizaje. Se ha lanzado un nuevo programa \u201cShow Up Manchester\u201d para aumentar la asistencia.<\/li>\n\n\n\n<li>\u00a1Nuestra escuela primaria de Bakersville se convertir\u00e1 en la primera escuela de inmersi\u00f3n biling\u00fce en New Hampshire!<\/li>\n\n\n\n<li>Los resultados de los estudiantes han mejorado, en parte debido a una mayor estandarizaci\u00f3n de los planes de estudio entre las escuelas.  <\/li>\n<\/ul>\n\n<p>Despu\u00e9s de escuchar al Equipo de Liderazgo del Distrito, la Dra. Gillis respondi\u00f3 preguntas de la audiencia y de personas individuales en l\u00ednea. \u00a1Se enviaron m\u00e1s de 30 preguntas, lo que demuestra pasi\u00f3n y cuidado por el \u00e9xito de nuestros estudiantes y escuelas! La alcaldesa Joyce Craig cerr\u00f3 el programa con comentarios sobre cu\u00e1n cr\u00edtico es el \u00e9xito de nuestras escuelas p\u00fablicas para el futuro de todo Manchester.  <\/p>\n\n<p>Aprovechando el \u00e9xito y la alegr\u00eda que se sintieron en la segunda edici\u00f3n anual del Estado del Distrito Escolar de Manchester, CelebratED tuvo lugar ese mismo fin de semana. \u00a1El 23 de septiembre de 2023, Veteran&#8217;s Park se transform\u00f3 en un festival para celebrar nuestras escuelas p\u00fablicas! Este a\u00f1o, nuestra celebraci\u00f3n de las escuelas y la comunidad de Manchester atrajo a la mayor multitud hasta la fecha y llen\u00f3 el Veteran&#8217;s Park con estudiantes y familias alegres. (Dado que el evento estuvo abierto al p\u00fablico, que iba y ven\u00eda a lo largo del d\u00eda, es dif\u00edcil determinar la asistencia total. Sin embargo, un recuento aproximado indic\u00f3 que hab\u00eda 5.000 asistentes en el parque al mediod\u00eda).<\/p>\n\n<p>El d\u00eda comenz\u00f3 con palabras de bienvenida de nuestro alcalde, superintendente de escuelas y presidente del consejo de Manchester Proud. Luego vino la juramentaci\u00f3n de los nuevos miembros del City Year Corps de este a\u00f1o, seguida de entretenimiento y celebraciones escolares sin parar de 11:00 am a 4:00 pm. La decisi\u00f3n de nuestro equipo de planificaci\u00f3n de incluir m\u00e1s actuaciones de estudiantes y menos artistas profesionales fue otro gran paso adelante y atrajo a muchos estudiantes y padres entusiastas.<\/p>\n\n<p>Todos en el parque disfrutaron de opciones de comida multicultural, libros gratuitos apropiados para todas las edades para todos los estudiantes e innumerables actividades para ni\u00f1os de todas las edades.<\/p>\n\n<p>He aqu\u00ed una muestra de las historias de \u00e9xito del festival:<\/p>\n\n<ul class=\"wp-block-list\">\n<li>Por primera vez, las 21 escuelas p\u00fablicas de Manchester participaron en el evento, muchas de ellas con actuaciones cuidadosamente planificadas y ensayadas.<\/li>\n\n\n\n<li>Este a\u00f1o agregamos el \u201cMusic Caf\u00e9\u201d, un lugar fuera del escenario principal para que nuestros estudiantes de secundaria y media realicen presentaciones en solitario.<\/li>\n\n\n\n<li>Otra novedad este a\u00f1o fue la \u201cGaler\u00eda de Arte en el Parque\u201d, un \u00e1rea cerrada con un portal de entrada para proporcionar un entorno m\u00e1s elevado para exhibir el arte de los estudiantes. \u00a1Hab\u00eda 200 pies lineales de espacio en la cerca cubiertos en ambos lados con maravillosas obras de arte!<\/li>\n\n\n\n<li>El a\u00f1o pasado estuvimos encantados de informar que 31 organizaciones comunitarias se unieron a nuestro evento con stands y actividades. \u00a1Sorprendentemente, este a\u00f1o tuvimos casi 50! Este buen resultado, a pesar del clima cuestionable, es una clara indicaci\u00f3n de que CelebratED se est\u00e1 convirtiendo en un evento anual al que hay que asistir.<\/li>\n\n\n\n<li>Nuestros premios \u201cGame Changer\u201d se agregaron a las presentaciones, en honor a 110 estudiantes, maestros y personal de las 21 escuelas, quienes fueron elegidos por sus directores por hacer todo lo posible para hacer que sus escuelas fueran excelentes. \u00a1Este es el esp\u00edritu supremo de CelebratED!<\/li>\n\n\n\n<li>Celebramos la educaci\u00f3n cient\u00edfica con una competencia de rob\u00f3tica y un estudiante de la Escuela de Tecnolog\u00eda de Manchester construy\u00f3 un avi\u00f3n.<\/li>\n\n\n\n<li>Los departamentos de polic\u00eda, bomberos y salud de Manchester se unieron con caballos, ponis, camiones de bomberos y una furgoneta de atenci\u00f3n dental.<\/li>\n\n\n\n<li>895 estudiantes de primaria participaron en nuestro concurso \u201cWe Show Up\u201d, ganado por la escuela Smyth Road. \u00a1La escuela Smyth Road disfrutar\u00e1 de una fiesta patrocinada por SEE Science Center y Puritan Backroom!  <\/li>\n\n\n\n<li>847 estudiantes se llevaron libros, marcadores de libros y un impulso a su inter\u00e9s por la lectura.<\/li>\n<\/ul>\n\n<p>Una vez m\u00e1s, alimentamos a miles, \u00a1todo gratis! Este a\u00f1o ampliamos nuestro men\u00fa multicultural para incluir: pizza griega, comida caribe\u00f1a, tailandesa y mediterr\u00e1nea, adem\u00e1s de Kona Ice para todos los ni\u00f1os.<\/p>\n\n<p>Todo esto fue posible gracias a 23 socios comerciales y nuestra financiaci\u00f3n CEAG (Subvenci\u00f3n de activaci\u00f3n y eventos comunitarios de la ciudad de Manchester) (consulte esos socios en nuestra secci\u00f3n Patrocinadores destacados del bolet\u00edn) que nos permiti\u00f3 hacer que el evento fuera gratuito para todos los ni\u00f1os y familias. Eliminar costos, comunicarnos en varios idiomas, proporcionar un int\u00e9rprete de ASL para todas las presentaciones en el escenario y ofrecer transporte gratuito son parte de nuestro compromiso de hacer que CelebratED sea accesible para todos en Manchester.<\/p>\n\n<p>  \u00a1Adelante con la planificaci\u00f3n del Distrito Escolar del Estado de Manchester 2024-2025 y CelebratED 2024!<\/p>\n","protected":false},"excerpt":{"rendered":"<p>\u00a1El mes pasado fue un momento emocionante para Manchester Proud! \u00a1Pasamos la mayor parte del mes (y un tiempo considerable antes) prepar\u00e1ndonos para el Foro Comunitario del Estado del Distrito  <a href=\"https:\/\/manchesterproud.org\/es\/octubre-de-2023-actualizacion-sobre-el-estado-del-distrito-escolar-de-manchester-2023-2024-y-el-festival-celebrated-2023\/\" rel=\"bookmark\" title=\"Octubre de 2023: actualizaci\u00f3n sobre el estado del distrito escolar de Manchester 2023-2024 y el festival CelebratED 2023\">[&hellip;]<\/a><\/p>\n","protected":false},"author":2,"featured_media":3021,"comment_status":"open","ping_status":"closed","sticky":false,"template":"","format":"standard","meta":{"_acf_changed":false,"_mo_disable_npp":"","footnotes":""},"categories":[109],"tags":[],"class_list":["post-10154","post","type-post","status-publish","format-standard","has-post-thumbnail","hentry","category-sin-categorizar"],"acf":[],"yoast_head":"<!-- This site is optimized with the Yoast SEO Premium plugin v21.5 (Yoast SEO v27.2) - https:\/\/yoast.com\/product\/yoast-seo-premium-wordpress\/ -->\n<title>Octubre de 2023: actualizaci\u00f3n sobre el estado del distrito escolar de Manchester 2023-2024 y el festival CelebratED 2023 - Manchester Proud<\/title>\n<meta name=\"robots\" content=\"index, follow, max-snippet:-1, max-image-preview:large, max-video-preview:-1\" \/>\n<link rel=\"canonical\" href=\"https:\/\/manchesterproud.org\/es\/octubre-de-2023-actualizacion-sobre-el-estado-del-distrito-escolar-de-manchester-2023-2024-y-el-festival-celebrated-2023\/\" \/>\n<meta property=\"og:locale\" content=\"es_ES\" \/>\n<meta property=\"og:type\" content=\"article\" \/>\n<meta property=\"og:title\" content=\"Octubre de 2023: actualizaci\u00f3n sobre el estado del distrito escolar de Manchester 2023-2024 y el festival CelebratED 2023\" \/>\n<meta property=\"og:description\" content=\"\u00a1El mes pasado fue un momento emocionante para Manchester Proud! \u00a1Pasamos la mayor parte del mes (y un tiempo considerable antes) prepar\u00e1ndonos para el\" \/>\n<meta property=\"og:url\" content=\"https:\/\/manchesterproud.org\/es\/octubre-de-2023-actualizacion-sobre-el-estado-del-distrito-escolar-de-manchester-2023-2024-y-el-festival-celebrated-2023\/\" \/>\n<meta property=\"og:site_name\" content=\"Manchester Proud\" \/>\n<meta property=\"article:published_time\" content=\"2023-10-11T01:05:06+00:00\" \/>\n<meta property=\"article:modified_time\" content=\"2024-05-02T15:03:28+00:00\" \/>\n<meta property=\"og:image\" content=\"https:\/\/manchesterproud.org\/wp-content\/uploads\/2024\/03\/blog-Default-ImageV2.jpg\" \/>\n\t<meta property=\"og:image:width\" content=\"936\" \/>\n\t<meta property=\"og:image:height\" content=\"624\" \/>\n\t<meta property=\"og:image:type\" content=\"image\/jpeg\" \/>\n<meta name=\"author\" content=\"Amy Welch\" \/>\n<meta name=\"twitter:card\" content=\"summary_large_image\" \/>\n<meta name=\"twitter:label1\" content=\"Escrito por\" \/>\n\t<meta name=\"twitter:data1\" content=\"Amy Welch\" \/>\n\t<meta name=\"twitter:label2\" content=\"Tiempo de lectura\" \/>\n\t<meta name=\"twitter:data2\" content=\"5 minutos\" \/>\n<script type=\"application\/ld+json\" class=\"yoast-schema-graph\">{\"@context\":\"https:\/\/schema.org\",\"@graph\":[{\"@type\":\"Article\",\"@id\":\"https:\/\/manchesterproud.org\/es\/octubre-de-2023-actualizacion-sobre-el-estado-del-distrito-escolar-de-manchester-2023-2024-y-el-festival-celebrated-2023\/#article\",\"isPartOf\":{\"@id\":\"https:\/\/manchesterproud.org\/es\/octubre-de-2023-actualizacion-sobre-el-estado-del-distrito-escolar-de-manchester-2023-2024-y-el-festival-celebrated-2023\/\"},\"author\":{\"name\":\"Amy Welch\",\"@id\":\"https:\/\/manchesterproud.org\/es\/#\/schema\/person\/72ebe56e77a21fcef10992e67490f007\"},\"headline\":\"Octubre de 2023: actualizaci\u00f3n sobre el estado del distrito escolar de Manchester 2023-2024 y el festival CelebratED 2023\",\"datePublished\":\"2023-10-11T01:05:06+00:00\",\"dateModified\":\"2024-05-02T15:03:28+00:00\",\"mainEntityOfPage\":{\"@id\":\"https:\/\/manchesterproud.org\/es\/octubre-de-2023-actualizacion-sobre-el-estado-del-distrito-escolar-de-manchester-2023-2024-y-el-festival-celebrated-2023\/\"},\"wordCount\":1062,\"commentCount\":0,\"image\":{\"@id\":\"https:\/\/manchesterproud.org\/es\/octubre-de-2023-actualizacion-sobre-el-estado-del-distrito-escolar-de-manchester-2023-2024-y-el-festival-celebrated-2023\/#primaryimage\"},\"thumbnailUrl\":\"https:\/\/manchesterproud.org\/wp-content\/uploads\/2024\/03\/blog-Default-ImageV2.jpg\",\"articleSection\":[\"Sin categorizar\"],\"inLanguage\":\"es\",\"potentialAction\":[{\"@type\":\"CommentAction\",\"name\":\"Comment\",\"target\":[\"https:\/\/manchesterproud.org\/es\/octubre-de-2023-actualizacion-sobre-el-estado-del-distrito-escolar-de-manchester-2023-2024-y-el-festival-celebrated-2023\/#respond\"]}]},{\"@type\":\"WebPage\",\"@id\":\"https:\/\/manchesterproud.org\/es\/octubre-de-2023-actualizacion-sobre-el-estado-del-distrito-escolar-de-manchester-2023-2024-y-el-festival-celebrated-2023\/\",\"url\":\"https:\/\/manchesterproud.org\/es\/octubre-de-2023-actualizacion-sobre-el-estado-del-distrito-escolar-de-manchester-2023-2024-y-el-festival-celebrated-2023\/\",\"name\":\"Octubre de 2023: actualizaci\u00f3n sobre el estado del distrito escolar de Manchester 2023-2024 y el festival CelebratED 2023 - Manchester Proud\",\"isPartOf\":{\"@id\":\"https:\/\/manchesterproud.org\/es\/#website\"},\"primaryImageOfPage\":{\"@id\":\"https:\/\/manchesterproud.org\/es\/octubre-de-2023-actualizacion-sobre-el-estado-del-distrito-escolar-de-manchester-2023-2024-y-el-festival-celebrated-2023\/#primaryimage\"},\"image\":{\"@id\":\"https:\/\/manchesterproud.org\/es\/octubre-de-2023-actualizacion-sobre-el-estado-del-distrito-escolar-de-manchester-2023-2024-y-el-festival-celebrated-2023\/#primaryimage\"},\"thumbnailUrl\":\"https:\/\/manchesterproud.org\/wp-content\/uploads\/2024\/03\/blog-Default-ImageV2.jpg\",\"datePublished\":\"2023-10-11T01:05:06+00:00\",\"dateModified\":\"2024-05-02T15:03:28+00:00\",\"author\":{\"@id\":\"https:\/\/manchesterproud.org\/es\/#\/schema\/person\/72ebe56e77a21fcef10992e67490f007\"},\"breadcrumb\":{\"@id\":\"https:\/\/manchesterproud.org\/es\/octubre-de-2023-actualizacion-sobre-el-estado-del-distrito-escolar-de-manchester-2023-2024-y-el-festival-celebrated-2023\/#breadcrumb\"},\"inLanguage\":\"es\",\"potentialAction\":[{\"@type\":\"ReadAction\",\"target\":[\"https:\/\/manchesterproud.org\/es\/octubre-de-2023-actualizacion-sobre-el-estado-del-distrito-escolar-de-manchester-2023-2024-y-el-festival-celebrated-2023\/\"]}]},{\"@type\":\"ImageObject\",\"inLanguage\":\"es\",\"@id\":\"https:\/\/manchesterproud.org\/es\/octubre-de-2023-actualizacion-sobre-el-estado-del-distrito-escolar-de-manchester-2023-2024-y-el-festival-celebrated-2023\/#primaryimage\",\"url\":\"https:\/\/manchesterproud.org\/wp-content\/uploads\/2024\/03\/blog-Default-ImageV2.jpg\",\"contentUrl\":\"https:\/\/manchesterproud.org\/wp-content\/uploads\/2024\/03\/blog-Default-ImageV2.jpg\",\"width\":936,\"height\":624},{\"@type\":\"BreadcrumbList\",\"@id\":\"https:\/\/manchesterproud.org\/es\/octubre-de-2023-actualizacion-sobre-el-estado-del-distrito-escolar-de-manchester-2023-2024-y-el-festival-celebrated-2023\/#breadcrumb\",\"itemListElement\":[{\"@type\":\"ListItem\",\"position\":1,\"name\":\"Home\",\"item\":\"https:\/\/manchesterproud.org\/es\/hogar\/\"},{\"@type\":\"ListItem\",\"position\":2,\"name\":\"Octubre de 2023: actualizaci\u00f3n sobre el estado del distrito escolar de Manchester 2023-2024 y el festival CelebratED 2023\"}]},{\"@type\":\"WebSite\",\"@id\":\"https:\/\/manchesterproud.org\/es\/#website\",\"url\":\"https:\/\/manchesterproud.org\/es\/\",\"name\":\"Manchester Proud\",\"description\":\"\",\"potentialAction\":[{\"@type\":\"SearchAction\",\"target\":{\"@type\":\"EntryPoint\",\"urlTemplate\":\"https:\/\/manchesterproud.org\/es\/?s={search_term_string}\"},\"query-input\":{\"@type\":\"PropertyValueSpecification\",\"valueRequired\":true,\"valueName\":\"search_term_string\"}}],\"inLanguage\":\"es\"},{\"@type\":\"Person\",\"@id\":\"https:\/\/manchesterproud.org\/es\/#\/schema\/person\/72ebe56e77a21fcef10992e67490f007\",\"name\":\"Amy Welch\",\"image\":{\"@type\":\"ImageObject\",\"inLanguage\":\"es\",\"@id\":\"https:\/\/secure.gravatar.com\/avatar\/6889857d63357d1bfb021978bc7ebbc2344a4045f315325b1edd0e27d3d7b81d?s=96&d=mm&r=g\",\"url\":\"https:\/\/secure.gravatar.com\/avatar\/6889857d63357d1bfb021978bc7ebbc2344a4045f315325b1edd0e27d3d7b81d?s=96&d=mm&r=g\",\"contentUrl\":\"https:\/\/secure.gravatar.com\/avatar\/6889857d63357d1bfb021978bc7ebbc2344a4045f315325b1edd0e27d3d7b81d?s=96&d=mm&r=g\",\"caption\":\"Amy Welch\"},\"url\":\"https:\/\/manchesterproud.org\/es\/author\/amywedu-com\/\"}]}<\/script>\n<!-- \/ Yoast SEO Premium plugin. -->","yoast_head_json":{"title":"Octubre de 2023: actualizaci\u00f3n sobre el estado del distrito escolar de Manchester 2023-2024 y el festival CelebratED 2023 - Manchester Proud","robots":{"index":"index","follow":"follow","max-snippet":"max-snippet:-1","max-image-preview":"max-image-preview:large","max-video-preview":"max-video-preview:-1"},"canonical":"https:\/\/manchesterproud.org\/es\/octubre-de-2023-actualizacion-sobre-el-estado-del-distrito-escolar-de-manchester-2023-2024-y-el-festival-celebrated-2023\/","og_locale":"es_ES","og_type":"article","og_title":"Octubre de 2023: actualizaci\u00f3n sobre el estado del distrito escolar de Manchester 2023-2024 y el festival CelebratED 2023","og_description":"\u00a1El mes pasado fue un momento emocionante para Manchester Proud! \u00a1Pasamos la mayor parte del mes (y un tiempo considerable antes) prepar\u00e1ndonos para el","og_url":"https:\/\/manchesterproud.org\/es\/octubre-de-2023-actualizacion-sobre-el-estado-del-distrito-escolar-de-manchester-2023-2024-y-el-festival-celebrated-2023\/","og_site_name":"Manchester Proud","article_published_time":"2023-10-11T01:05:06+00:00","article_modified_time":"2024-05-02T15:03:28+00:00","og_image":[{"width":936,"height":624,"url":"https:\/\/manchesterproud.org\/wp-content\/uploads\/2024\/03\/blog-Default-ImageV2.jpg","type":"image\/jpeg"}],"author":"Amy Welch","twitter_card":"summary_large_image","twitter_misc":{"Escrito por":"Amy Welch","Tiempo de lectura":"5 minutos"},"schema":{"@context":"https:\/\/schema.org","@graph":[{"@type":"Article","@id":"https:\/\/manchesterproud.org\/es\/octubre-de-2023-actualizacion-sobre-el-estado-del-distrito-escolar-de-manchester-2023-2024-y-el-festival-celebrated-2023\/#article","isPartOf":{"@id":"https:\/\/manchesterproud.org\/es\/octubre-de-2023-actualizacion-sobre-el-estado-del-distrito-escolar-de-manchester-2023-2024-y-el-festival-celebrated-2023\/"},"author":{"name":"Amy Welch","@id":"https:\/\/manchesterproud.org\/es\/#\/schema\/person\/72ebe56e77a21fcef10992e67490f007"},"headline":"Octubre de 2023: actualizaci\u00f3n sobre el estado del distrito escolar de Manchester 2023-2024 y el festival CelebratED 2023","datePublished":"2023-10-11T01:05:06+00:00","dateModified":"2024-05-02T15:03:28+00:00","mainEntityOfPage":{"@id":"https:\/\/manchesterproud.org\/es\/octubre-de-2023-actualizacion-sobre-el-estado-del-distrito-escolar-de-manchester-2023-2024-y-el-festival-celebrated-2023\/"},"wordCount":1062,"commentCount":0,"image":{"@id":"https:\/\/manchesterproud.org\/es\/octubre-de-2023-actualizacion-sobre-el-estado-del-distrito-escolar-de-manchester-2023-2024-y-el-festival-celebrated-2023\/#primaryimage"},"thumbnailUrl":"https:\/\/manchesterproud.org\/wp-content\/uploads\/2024\/03\/blog-Default-ImageV2.jpg","articleSection":["Sin categorizar"],"inLanguage":"es","potentialAction":[{"@type":"CommentAction","name":"Comment","target":["https:\/\/manchesterproud.org\/es\/octubre-de-2023-actualizacion-sobre-el-estado-del-distrito-escolar-de-manchester-2023-2024-y-el-festival-celebrated-2023\/#respond"]}]},{"@type":"WebPage","@id":"https:\/\/manchesterproud.org\/es\/octubre-de-2023-actualizacion-sobre-el-estado-del-distrito-escolar-de-manchester-2023-2024-y-el-festival-celebrated-2023\/","url":"https:\/\/manchesterproud.org\/es\/octubre-de-2023-actualizacion-sobre-el-estado-del-distrito-escolar-de-manchester-2023-2024-y-el-festival-celebrated-2023\/","name":"Octubre de 2023: actualizaci\u00f3n sobre el estado del distrito escolar de Manchester 2023-2024 y el festival CelebratED 2023 - Manchester Proud","isPartOf":{"@id":"https:\/\/manchesterproud.org\/es\/#website"},"primaryImageOfPage":{"@id":"https:\/\/manchesterproud.org\/es\/octubre-de-2023-actualizacion-sobre-el-estado-del-distrito-escolar-de-manchester-2023-2024-y-el-festival-celebrated-2023\/#primaryimage"},"image":{"@id":"https:\/\/manchesterproud.org\/es\/octubre-de-2023-actualizacion-sobre-el-estado-del-distrito-escolar-de-manchester-2023-2024-y-el-festival-celebrated-2023\/#primaryimage"},"thumbnailUrl":"https:\/\/manchesterproud.org\/wp-content\/uploads\/2024\/03\/blog-Default-ImageV2.jpg","datePublished":"2023-10-11T01:05:06+00:00","dateModified":"2024-05-02T15:03:28+00:00","author":{"@id":"https:\/\/manchesterproud.org\/es\/#\/schema\/person\/72ebe56e77a21fcef10992e67490f007"},"breadcrumb":{"@id":"https:\/\/manchesterproud.org\/es\/octubre-de-2023-actualizacion-sobre-el-estado-del-distrito-escolar-de-manchester-2023-2024-y-el-festival-celebrated-2023\/#breadcrumb"},"inLanguage":"es","potentialAction":[{"@type":"ReadAction","target":["https:\/\/manchesterproud.org\/es\/octubre-de-2023-actualizacion-sobre-el-estado-del-distrito-escolar-de-manchester-2023-2024-y-el-festival-celebrated-2023\/"]}]},{"@type":"ImageObject","inLanguage":"es","@id":"https:\/\/manchesterproud.org\/es\/octubre-de-2023-actualizacion-sobre-el-estado-del-distrito-escolar-de-manchester-2023-2024-y-el-festival-celebrated-2023\/#primaryimage","url":"https:\/\/manchesterproud.org\/wp-content\/uploads\/2024\/03\/blog-Default-ImageV2.jpg","contentUrl":"https:\/\/manchesterproud.org\/wp-content\/uploads\/2024\/03\/blog-Default-ImageV2.jpg","width":936,"height":624},{"@type":"BreadcrumbList","@id":"https:\/\/manchesterproud.org\/es\/octubre-de-2023-actualizacion-sobre-el-estado-del-distrito-escolar-de-manchester-2023-2024-y-el-festival-celebrated-2023\/#breadcrumb","itemListElement":[{"@type":"ListItem","position":1,"name":"Home","item":"https:\/\/manchesterproud.org\/es\/hogar\/"},{"@type":"ListItem","position":2,"name":"Octubre de 2023: actualizaci\u00f3n sobre el estado del distrito escolar de Manchester 2023-2024 y el festival CelebratED 2023"}]},{"@type":"WebSite","@id":"https:\/\/manchesterproud.org\/es\/#website","url":"https:\/\/manchesterproud.org\/es\/","name":"Manchester Proud","description":"","potentialAction":[{"@type":"SearchAction","target":{"@type":"EntryPoint","urlTemplate":"https:\/\/manchesterproud.org\/es\/?s={search_term_string}"},"query-input":{"@type":"PropertyValueSpecification","valueRequired":true,"valueName":"search_term_string"}}],"inLanguage":"es"},{"@type":"Person","@id":"https:\/\/manchesterproud.org\/es\/#\/schema\/person\/72ebe56e77a21fcef10992e67490f007","name":"Amy Welch","image":{"@type":"ImageObject","inLanguage":"es","@id":"https:\/\/secure.gravatar.com\/avatar\/6889857d63357d1bfb021978bc7ebbc2344a4045f315325b1edd0e27d3d7b81d?s=96&d=mm&r=g","url":"https:\/\/secure.gravatar.com\/avatar\/6889857d63357d1bfb021978bc7ebbc2344a4045f315325b1edd0e27d3d7b81d?s=96&d=mm&r=g","contentUrl":"https:\/\/secure.gravatar.com\/avatar\/6889857d63357d1bfb021978bc7ebbc2344a4045f315325b1edd0e27d3d7b81d?s=96&d=mm&r=g","caption":"Amy Welch"},"url":"https:\/\/manchesterproud.org\/es\/author\/amywedu-com\/"}]}},"_links":{"self":[{"href":"https:\/\/manchesterproud.org\/es\/wp-json\/wp\/v2\/posts\/10154","targetHints":{"allow":["GET"]}}],"collection":[{"href":"https:\/\/manchesterproud.org\/es\/wp-json\/wp\/v2\/posts"}],"about":[{"href":"https:\/\/manchesterproud.org\/es\/wp-json\/wp\/v2\/types\/post"}],"author":[{"embeddable":true,"href":"https:\/\/manchesterproud.org\/es\/wp-json\/wp\/v2\/users\/2"}],"replies":[{"embeddable":true,"href":"https:\/\/manchesterproud.org\/es\/wp-json\/wp\/v2\/comments?post=10154"}],"version-history":[{"count":0,"href":"https:\/\/manchesterproud.org\/es\/wp-json\/wp\/v2\/posts\/10154\/revisions"}],"wp:featuredmedia":[{"embeddable":true,"href":"https:\/\/manchesterproud.org\/es\/wp-json\/wp\/v2\/media\/3021"}],"wp:attachment":[{"href":"https:\/\/manchesterproud.org\/es\/wp-json\/wp\/v2\/media?parent=10154"}],"wp:term":[{"taxonomy":"category","embeddable":true,"href":"https:\/\/manchesterproud.org\/es\/wp-json\/wp\/v2\/categories?post=10154"},{"taxonomy":"post_tag","embeddable":true,"href":"https:\/\/manchesterproud.org\/es\/wp-json\/wp\/v2\/tags?post=10154"}],"curies":[{"name":"wp","href":"https:\/\/api.w.org\/{rel}","templated":true}]}}