{"id":10251,"date":"2023-12-29T05:02:00","date_gmt":"2023-12-29T10:02:00","guid":{"rendered":"https:\/\/manchesterproud.org\/actualizacion-de-diciembre-de-2023-continuidad\/"},"modified":"2024-05-02T11:06:47","modified_gmt":"2024-05-02T15:06:47","slug":"actualizacion-de-diciembre-de-2023-continuidad","status":"publish","type":"post","link":"https:\/\/manchesterproud.org\/es\/actualizacion-de-diciembre-de-2023-continuidad\/","title":{"rendered":"Actualizaci\u00f3n de diciembre de 2023: Continuidad"},"content":{"rendered":"\n<p>Manchester Proud contin\u00faa creciendo como un socio cada vez m\u00e1s eficaz y valioso de nuestras escuelas, organizaciones comunitarias y empresas. Por supuesto, hemos dado algunos pasos en falso en el camino, pero afortunadamente han sido pocos, manejables e instructivos: \u00a1hemos aprendido mucho!<\/p>\n\n<p>Tambi\u00e9n hemos acertado en algunas cosas desde el principio. Nuestros fundadores tuvieron el buen sentido de darse cuenta de que nuestra fuerza no vendr\u00eda de uno o unos pocos individuos sino de una amplia participaci\u00f3n comunitaria y asociaciones mutuamente gratificantes. Establecieron varias reglas b\u00e1sicas fundamentales para garantizar la relevancia y continuidad sostenidas de Manchester Proud:<\/p>\n\n<ul class=\"wp-block-list\">\n<li>Dejemos la pol\u00edtica a un lado y demos la bienvenida a todos los que se comprometen con el \u00e9xito de nuestros estudiantes y escuelas p\u00fablicas.<\/li>\n\n\n\n<li>Respetar la autoridad de nuestros l\u00edderes escolares y funcionarios electos y construir asociaciones aut\u00e9nticas para acelerar su buen trabajo.<\/li>\n\n\n\n<li>Sepa que nuestra visi\u00f3n colectiva de excelentes escuelas p\u00fablicas es m\u00e1s grande que la de cualquier persona o grupo, incluidos nuestros fundadores, el Consejo, los l\u00edderes escolares y los funcionarios electos.<\/li>\n<\/ul>\n\n<p>De hecho, el \u00e9xito de nuestros estudiantes y escuelas p\u00fablicas es tan profundamente importante que su logro debe trascender la dependencia de cualquier individuo o grupo. Durante los seis a\u00f1os de historia de Manchester Proud, hemos estado profundamente agradecidos por las relaciones productivas que hemos disfrutado con nuestro alcalde, tres superintendentes escolares y tres juntas directivas escolares. En cada caso, a trav\u00e9s de transiciones inevitables, nuestro trabajo ha seguido adelante, impulsado por nuestro prop\u00f3sito m\u00e1s elevado de crear escuelas p\u00fablicas excepcionales para TODO Manchester.<\/p>\n\n<p>Pronto volveremos a realizar la transici\u00f3n al gobierno de un nuevo alcalde, juntas de concejales y comit\u00e9 escolar. Felicitamos a todos los que han sido elegidos y agradecemos a quienes han servido. Sin duda, ahora se escuchar\u00e1n nuevas voces en el di\u00e1logo de nuestra comunidad, aportando ideas y perspectivas adicionales. Manchester Proud da la bienvenida a todos con un esp\u00edritu de amistad y colaboraci\u00f3n, a medida que logramos puntos en com\u00fan en la b\u00fasqueda de lo que realmente importa: el bienestar y el futuro de nuestros ni\u00f1os y nuestra comunidad.<\/p>\n","protected":false},"excerpt":{"rendered":"<p>Manchester Proud contin\u00faa creciendo como un socio cada vez m\u00e1s eficaz y valioso de nuestras escuelas, organizaciones comunitarias y empresas. Por supuesto, hemos dado algunos pasos en falso en el  <a href=\"https:\/\/manchesterproud.org\/es\/actualizacion-de-diciembre-de-2023-continuidad\/\" rel=\"bookmark\" title=\"Actualizaci\u00f3n de diciembre de 2023: Continuidad\">[&hellip;]<\/a><\/p>\n","protected":false},"author":2,"featured_media":3021,"comment_status":"open","ping_status":"closed","sticky":false,"template":"","format":"standard","meta":{"_acf_changed":false,"_mo_disable_npp":"","footnotes":""},"categories":[109],"tags":[],"class_list":["post-10251","post","type-post","status-publish","format-standard","has-post-thumbnail","hentry","category-sin-categorizar"],"acf":[],"yoast_head":"<!-- This site is optimized with the Yoast SEO Premium plugin v21.5 (Yoast SEO v27.2) - https:\/\/yoast.com\/product\/yoast-seo-premium-wordpress\/ -->\n<title>Actualizaci\u00f3n de diciembre de 2023: Continuidad - Manchester Proud<\/title>\n<meta name=\"robots\" content=\"index, follow, max-snippet:-1, max-image-preview:large, max-video-preview:-1\" \/>\n<link rel=\"canonical\" href=\"https:\/\/manchesterproud.org\/es\/actualizacion-de-diciembre-de-2023-continuidad\/\" \/>\n<meta property=\"og:locale\" content=\"es_ES\" \/>\n<meta property=\"og:type\" content=\"article\" \/>\n<meta property=\"og:title\" content=\"Actualizaci\u00f3n de diciembre de 2023: Continuidad\" \/>\n<meta property=\"og:description\" content=\"Manchester Proud contin\u00faa creciendo como un socio cada vez m\u00e1s eficaz y valioso de nuestras escuelas, organizaciones comunitarias y empresas. Por\" \/>\n<meta property=\"og:url\" content=\"https:\/\/manchesterproud.org\/es\/actualizacion-de-diciembre-de-2023-continuidad\/\" \/>\n<meta property=\"og:site_name\" content=\"Manchester Proud\" \/>\n<meta property=\"article:published_time\" content=\"2023-12-29T10:02:00+00:00\" \/>\n<meta property=\"article:modified_time\" content=\"2024-05-02T15:06:47+00:00\" \/>\n<meta property=\"og:image\" content=\"https:\/\/manchesterproud.org\/wp-content\/uploads\/2024\/03\/blog-Default-ImageV2.jpg\" \/>\n\t<meta property=\"og:image:width\" content=\"936\" \/>\n\t<meta property=\"og:image:height\" content=\"624\" \/>\n\t<meta property=\"og:image:type\" content=\"image\/jpeg\" \/>\n<meta name=\"author\" content=\"Amy Welch\" \/>\n<meta name=\"twitter:card\" content=\"summary_large_image\" \/>\n<meta name=\"twitter:label1\" content=\"Escrito por\" \/>\n\t<meta name=\"twitter:data1\" content=\"Amy Welch\" \/>\n\t<meta name=\"twitter:label2\" content=\"Tiempo de lectura\" \/>\n\t<meta name=\"twitter:data2\" content=\"2 minutos\" \/>\n<script type=\"application\/ld+json\" class=\"yoast-schema-graph\">{\"@context\":\"https:\/\/schema.org\",\"@graph\":[{\"@type\":\"Article\",\"@id\":\"https:\/\/manchesterproud.org\/es\/actualizacion-de-diciembre-de-2023-continuidad\/#article\",\"isPartOf\":{\"@id\":\"https:\/\/manchesterproud.org\/es\/actualizacion-de-diciembre-de-2023-continuidad\/\"},\"author\":{\"name\":\"Amy Welch\",\"@id\":\"https:\/\/manchesterproud.org\/es\/#\/schema\/person\/72ebe56e77a21fcef10992e67490f007\"},\"headline\":\"Actualizaci\u00f3n de diciembre de 2023: Continuidad\",\"datePublished\":\"2023-12-29T10:02:00+00:00\",\"dateModified\":\"2024-05-02T15:06:47+00:00\",\"mainEntityOfPage\":{\"@id\":\"https:\/\/manchesterproud.org\/es\/actualizacion-de-diciembre-de-2023-continuidad\/\"},\"wordCount\":380,\"commentCount\":0,\"image\":{\"@id\":\"https:\/\/manchesterproud.org\/es\/actualizacion-de-diciembre-de-2023-continuidad\/#primaryimage\"},\"thumbnailUrl\":\"https:\/\/manchesterproud.org\/wp-content\/uploads\/2024\/03\/blog-Default-ImageV2.jpg\",\"articleSection\":[\"Sin categorizar\"],\"inLanguage\":\"es\",\"potentialAction\":[{\"@type\":\"CommentAction\",\"name\":\"Comment\",\"target\":[\"https:\/\/manchesterproud.org\/es\/actualizacion-de-diciembre-de-2023-continuidad\/#respond\"]}]},{\"@type\":\"WebPage\",\"@id\":\"https:\/\/manchesterproud.org\/es\/actualizacion-de-diciembre-de-2023-continuidad\/\",\"url\":\"https:\/\/manchesterproud.org\/es\/actualizacion-de-diciembre-de-2023-continuidad\/\",\"name\":\"Actualizaci\u00f3n de diciembre de 2023: Continuidad - Manchester Proud\",\"isPartOf\":{\"@id\":\"https:\/\/manchesterproud.org\/es\/#website\"},\"primaryImageOfPage\":{\"@id\":\"https:\/\/manchesterproud.org\/es\/actualizacion-de-diciembre-de-2023-continuidad\/#primaryimage\"},\"image\":{\"@id\":\"https:\/\/manchesterproud.org\/es\/actualizacion-de-diciembre-de-2023-continuidad\/#primaryimage\"},\"thumbnailUrl\":\"https:\/\/manchesterproud.org\/wp-content\/uploads\/2024\/03\/blog-Default-ImageV2.jpg\",\"datePublished\":\"2023-12-29T10:02:00+00:00\",\"dateModified\":\"2024-05-02T15:06:47+00:00\",\"author\":{\"@id\":\"https:\/\/manchesterproud.org\/es\/#\/schema\/person\/72ebe56e77a21fcef10992e67490f007\"},\"breadcrumb\":{\"@id\":\"https:\/\/manchesterproud.org\/es\/actualizacion-de-diciembre-de-2023-continuidad\/#breadcrumb\"},\"inLanguage\":\"es\",\"potentialAction\":[{\"@type\":\"ReadAction\",\"target\":[\"https:\/\/manchesterproud.org\/es\/actualizacion-de-diciembre-de-2023-continuidad\/\"]}]},{\"@type\":\"ImageObject\",\"inLanguage\":\"es\",\"@id\":\"https:\/\/manchesterproud.org\/es\/actualizacion-de-diciembre-de-2023-continuidad\/#primaryimage\",\"url\":\"https:\/\/manchesterproud.org\/wp-content\/uploads\/2024\/03\/blog-Default-ImageV2.jpg\",\"contentUrl\":\"https:\/\/manchesterproud.org\/wp-content\/uploads\/2024\/03\/blog-Default-ImageV2.jpg\",\"width\":936,\"height\":624},{\"@type\":\"BreadcrumbList\",\"@id\":\"https:\/\/manchesterproud.org\/es\/actualizacion-de-diciembre-de-2023-continuidad\/#breadcrumb\",\"itemListElement\":[{\"@type\":\"ListItem\",\"position\":1,\"name\":\"Home\",\"item\":\"https:\/\/manchesterproud.org\/es\/hogar\/\"},{\"@type\":\"ListItem\",\"position\":2,\"name\":\"Actualizaci\u00f3n de diciembre de 2023: Continuidad\"}]},{\"@type\":\"WebSite\",\"@id\":\"https:\/\/manchesterproud.org\/es\/#website\",\"url\":\"https:\/\/manchesterproud.org\/es\/\",\"name\":\"Manchester Proud\",\"description\":\"\",\"potentialAction\":[{\"@type\":\"SearchAction\",\"target\":{\"@type\":\"EntryPoint\",\"urlTemplate\":\"https:\/\/manchesterproud.org\/es\/?s={search_term_string}\"},\"query-input\":{\"@type\":\"PropertyValueSpecification\",\"valueRequired\":true,\"valueName\":\"search_term_string\"}}],\"inLanguage\":\"es\"},{\"@type\":\"Person\",\"@id\":\"https:\/\/manchesterproud.org\/es\/#\/schema\/person\/72ebe56e77a21fcef10992e67490f007\",\"name\":\"Amy Welch\",\"image\":{\"@type\":\"ImageObject\",\"inLanguage\":\"es\",\"@id\":\"https:\/\/secure.gravatar.com\/avatar\/6889857d63357d1bfb021978bc7ebbc2344a4045f315325b1edd0e27d3d7b81d?s=96&d=mm&r=g\",\"url\":\"https:\/\/secure.gravatar.com\/avatar\/6889857d63357d1bfb021978bc7ebbc2344a4045f315325b1edd0e27d3d7b81d?s=96&d=mm&r=g\",\"contentUrl\":\"https:\/\/secure.gravatar.com\/avatar\/6889857d63357d1bfb021978bc7ebbc2344a4045f315325b1edd0e27d3d7b81d?s=96&d=mm&r=g\",\"caption\":\"Amy Welch\"},\"url\":\"https:\/\/manchesterproud.org\/es\/author\/amywedu-com\/\"}]}<\/script>\n<!-- \/ Yoast SEO Premium plugin. -->","yoast_head_json":{"title":"Actualizaci\u00f3n de diciembre de 2023: Continuidad - Manchester Proud","robots":{"index":"index","follow":"follow","max-snippet":"max-snippet:-1","max-image-preview":"max-image-preview:large","max-video-preview":"max-video-preview:-1"},"canonical":"https:\/\/manchesterproud.org\/es\/actualizacion-de-diciembre-de-2023-continuidad\/","og_locale":"es_ES","og_type":"article","og_title":"Actualizaci\u00f3n de diciembre de 2023: Continuidad","og_description":"Manchester Proud contin\u00faa creciendo como un socio cada vez m\u00e1s eficaz y valioso de nuestras escuelas, organizaciones comunitarias y empresas. Por","og_url":"https:\/\/manchesterproud.org\/es\/actualizacion-de-diciembre-de-2023-continuidad\/","og_site_name":"Manchester Proud","article_published_time":"2023-12-29T10:02:00+00:00","article_modified_time":"2024-05-02T15:06:47+00:00","og_image":[{"width":936,"height":624,"url":"https:\/\/manchesterproud.org\/wp-content\/uploads\/2024\/03\/blog-Default-ImageV2.jpg","type":"image\/jpeg"}],"author":"Amy Welch","twitter_card":"summary_large_image","twitter_misc":{"Escrito por":"Amy Welch","Tiempo de lectura":"2 minutos"},"schema":{"@context":"https:\/\/schema.org","@graph":[{"@type":"Article","@id":"https:\/\/manchesterproud.org\/es\/actualizacion-de-diciembre-de-2023-continuidad\/#article","isPartOf":{"@id":"https:\/\/manchesterproud.org\/es\/actualizacion-de-diciembre-de-2023-continuidad\/"},"author":{"name":"Amy Welch","@id":"https:\/\/manchesterproud.org\/es\/#\/schema\/person\/72ebe56e77a21fcef10992e67490f007"},"headline":"Actualizaci\u00f3n de diciembre de 2023: Continuidad","datePublished":"2023-12-29T10:02:00+00:00","dateModified":"2024-05-02T15:06:47+00:00","mainEntityOfPage":{"@id":"https:\/\/manchesterproud.org\/es\/actualizacion-de-diciembre-de-2023-continuidad\/"},"wordCount":380,"commentCount":0,"image":{"@id":"https:\/\/manchesterproud.org\/es\/actualizacion-de-diciembre-de-2023-continuidad\/#primaryimage"},"thumbnailUrl":"https:\/\/manchesterproud.org\/wp-content\/uploads\/2024\/03\/blog-Default-ImageV2.jpg","articleSection":["Sin categorizar"],"inLanguage":"es","potentialAction":[{"@type":"CommentAction","name":"Comment","target":["https:\/\/manchesterproud.org\/es\/actualizacion-de-diciembre-de-2023-continuidad\/#respond"]}]},{"@type":"WebPage","@id":"https:\/\/manchesterproud.org\/es\/actualizacion-de-diciembre-de-2023-continuidad\/","url":"https:\/\/manchesterproud.org\/es\/actualizacion-de-diciembre-de-2023-continuidad\/","name":"Actualizaci\u00f3n de diciembre de 2023: Continuidad - Manchester Proud","isPartOf":{"@id":"https:\/\/manchesterproud.org\/es\/#website"},"primaryImageOfPage":{"@id":"https:\/\/manchesterproud.org\/es\/actualizacion-de-diciembre-de-2023-continuidad\/#primaryimage"},"image":{"@id":"https:\/\/manchesterproud.org\/es\/actualizacion-de-diciembre-de-2023-continuidad\/#primaryimage"},"thumbnailUrl":"https:\/\/manchesterproud.org\/wp-content\/uploads\/2024\/03\/blog-Default-ImageV2.jpg","datePublished":"2023-12-29T10:02:00+00:00","dateModified":"2024-05-02T15:06:47+00:00","author":{"@id":"https:\/\/manchesterproud.org\/es\/#\/schema\/person\/72ebe56e77a21fcef10992e67490f007"},"breadcrumb":{"@id":"https:\/\/manchesterproud.org\/es\/actualizacion-de-diciembre-de-2023-continuidad\/#breadcrumb"},"inLanguage":"es","potentialAction":[{"@type":"ReadAction","target":["https:\/\/manchesterproud.org\/es\/actualizacion-de-diciembre-de-2023-continuidad\/"]}]},{"@type":"ImageObject","inLanguage":"es","@id":"https:\/\/manchesterproud.org\/es\/actualizacion-de-diciembre-de-2023-continuidad\/#primaryimage","url":"https:\/\/manchesterproud.org\/wp-content\/uploads\/2024\/03\/blog-Default-ImageV2.jpg","contentUrl":"https:\/\/manchesterproud.org\/wp-content\/uploads\/2024\/03\/blog-Default-ImageV2.jpg","width":936,"height":624},{"@type":"BreadcrumbList","@id":"https:\/\/manchesterproud.org\/es\/actualizacion-de-diciembre-de-2023-continuidad\/#breadcrumb","itemListElement":[{"@type":"ListItem","position":1,"name":"Home","item":"https:\/\/manchesterproud.org\/es\/hogar\/"},{"@type":"ListItem","position":2,"name":"Actualizaci\u00f3n de diciembre de 2023: Continuidad"}]},{"@type":"WebSite","@id":"https:\/\/manchesterproud.org\/es\/#website","url":"https:\/\/manchesterproud.org\/es\/","name":"Manchester Proud","description":"","potentialAction":[{"@type":"SearchAction","target":{"@type":"EntryPoint","urlTemplate":"https:\/\/manchesterproud.org\/es\/?s={search_term_string}"},"query-input":{"@type":"PropertyValueSpecification","valueRequired":true,"valueName":"search_term_string"}}],"inLanguage":"es"},{"@type":"Person","@id":"https:\/\/manchesterproud.org\/es\/#\/schema\/person\/72ebe56e77a21fcef10992e67490f007","name":"Amy Welch","image":{"@type":"ImageObject","inLanguage":"es","@id":"https:\/\/secure.gravatar.com\/avatar\/6889857d63357d1bfb021978bc7ebbc2344a4045f315325b1edd0e27d3d7b81d?s=96&d=mm&r=g","url":"https:\/\/secure.gravatar.com\/avatar\/6889857d63357d1bfb021978bc7ebbc2344a4045f315325b1edd0e27d3d7b81d?s=96&d=mm&r=g","contentUrl":"https:\/\/secure.gravatar.com\/avatar\/6889857d63357d1bfb021978bc7ebbc2344a4045f315325b1edd0e27d3d7b81d?s=96&d=mm&r=g","caption":"Amy Welch"},"url":"https:\/\/manchesterproud.org\/es\/author\/amywedu-com\/"}]}},"_links":{"self":[{"href":"https:\/\/manchesterproud.org\/es\/wp-json\/wp\/v2\/posts\/10251","targetHints":{"allow":["GET"]}}],"collection":[{"href":"https:\/\/manchesterproud.org\/es\/wp-json\/wp\/v2\/posts"}],"about":[{"href":"https:\/\/manchesterproud.org\/es\/wp-json\/wp\/v2\/types\/post"}],"author":[{"embeddable":true,"href":"https:\/\/manchesterproud.org\/es\/wp-json\/wp\/v2\/users\/2"}],"replies":[{"embeddable":true,"href":"https:\/\/manchesterproud.org\/es\/wp-json\/wp\/v2\/comments?post=10251"}],"version-history":[{"count":0,"href":"https:\/\/manchesterproud.org\/es\/wp-json\/wp\/v2\/posts\/10251\/revisions"}],"wp:featuredmedia":[{"embeddable":true,"href":"https:\/\/manchesterproud.org\/es\/wp-json\/wp\/v2\/media\/3021"}],"wp:attachment":[{"href":"https:\/\/manchesterproud.org\/es\/wp-json\/wp\/v2\/media?parent=10251"}],"wp:term":[{"taxonomy":"category","embeddable":true,"href":"https:\/\/manchesterproud.org\/es\/wp-json\/wp\/v2\/categories?post=10251"},{"taxonomy":"post_tag","embeddable":true,"href":"https:\/\/manchesterproud.org\/es\/wp-json\/wp\/v2\/tags?post=10251"}],"curies":[{"name":"wp","href":"https:\/\/api.w.org\/{rel}","templated":true}]}}