{"id":9771,"date":"2023-11-13T22:24:37","date_gmt":"2023-11-14T03:24:37","guid":{"rendered":"https:\/\/manchesterproud.org\/actualizacion-de-noviembre-de-2023-ventana-al-2024\/"},"modified":"2024-05-02T10:45:31","modified_gmt":"2024-05-02T14:45:31","slug":"actualizacion-de-noviembre-de-2023-ventana-al-2024","status":"publish","type":"post","link":"https:\/\/manchesterproud.org\/es\/actualizacion-de-noviembre-de-2023-ventana-al-2024\/","title":{"rendered":"Actualizaci\u00f3n de noviembre de 2023: ventana al 2024"},"content":{"rendered":"\n<p>Mantos de hojas coloridas, un peque\u00f1o pellizco en el aire y el reinicio de los relojes son se\u00f1ales inequ\u00edvocas de que pronto pasar\u00e1 otro a\u00f1o calendario. 2023 ha sido bueno para Manchester Proud y con su apoyo hemos compartido m\u00e1s buenas noticias, hemos creado nuevas y reforzado asociaciones en curso y hemos involucrado a m\u00e1s personas de Manchester en nuestra misi\u00f3n de hacer escuelas p\u00fablicas excepcionales.<\/p>\n\n<p>El \u00e9xito genera \u00e9xito y motivado por el progreso de 2023, su equipo Manchester Proud ya ha elaborado su plan y sus objetivos para el nuevo a\u00f1o. Nuestro trabajo en 2024 aprovechar\u00e1 el progreso hasta la fecha con nuestro enfoque agudizado por la sabidur\u00eda colectiva de nuestro Consejo de Campeones y los voluntarios del Grupo de Trabajo.  <\/p>\n\n<p>Siguiendo nuestra tradici\u00f3n de franqueza y colaboraci\u00f3n, aqu\u00ed hay una ventana a c\u00f3mo invertiremos nuestro tiempo en 2024. Est\u00e1 alineado con las \u00c1reas de Oportunidad exploradas durante las recientes sesiones de planificaci\u00f3n estrat\u00e9gica de nuestro Consejo. Las asignaciones de tiempo representan porcentajes estimados del tiempo total de nuestro personal que se dedicar\u00e1 a cada iniciativa. Uno o m\u00e1s miembros de nuestro personal ser\u00e1n responsables de la gesti\u00f3n de cada iniciativa: Director de Manchester Proud, Director de Asociaciones Comunitarias y Director de Comunicaciones Comunitarias.<\/p>\n\n<h2 class=\"wp-block-heading\" id=\"h-opportunity-area-1-community-communications-and-engagement\">\u00c1REA DE OPORTUNIDAD #1: Comunicaciones y participaci\u00f3n comunitaria<\/h2>\n\n<figure class=\"wp-block-table\"><table><tbody><tr><td>INICIATIVA<\/td><td>ASIGNACI\u00d3N DE TIEMPO<\/td><td>DIRIGIR<\/td><\/tr><tr><td>Comunicaciones continuas para compartir el progreso de MSD (boletines, redes sociales, sitios web)<\/td><td>7%<\/td><td>Directora de Comunicaciones Comunitarias<\/td><\/tr><tr><td>Desarrollar un plan de comunicaciones estrat\u00e9gico para alinear Manchester Proud, MSD y las comunicaciones comunitarias.<\/td><td>5%<\/td><td>Director de Comunicaciones Comunitarias y Director Orgulloso de Manchester<\/td><\/tr><tr><td>Desarrollar, mantener y promover el portal de recursos comunitarios Compass.<\/td><td>13%<\/td><td>Directora de Comunicaciones Comunitarias<\/td><\/tr><tr><td>Produce el festival CelebratED y el foro p\u00fablico sobre el estado de los TME<\/td><td>8%<\/td><td>Director orgulloso de Manchester<\/td><\/tr><tr><td>Explorar el potencial de la red de participaci\u00f3n de padres en todo el distrito<\/td><td>4%<\/td><td>Director orgulloso de Manchester y director de comunicaciones comunitarias.<\/td><\/tr><tr><td>Participaci\u00f3n en eventos comunitarios y presentaciones p\u00fablicas.<\/td><td>7%<\/td><td>Todo el equipo<\/td><\/tr><tr><td>TOTAL PARCIAL<\/td><td>44%<\/td><td>\u00a0<\/td><\/tr><\/tbody><\/table><\/figure>\n\n<h2 class=\"wp-block-heading\" id=\"h-opportunity-area-2-school-community-partnerships-and-career-pathways\">\u00c1REA DE OPORTUNIDAD #2: Asociaciones entre la escuela y la comunidad y trayectorias profesionales<\/h2>\n\n<figure class=\"wp-block-table\"><table><tbody><tr><td>INICIATIVA<\/td><td>ASIGNACI\u00d3N DE TIEMPO<\/td><td>DIRIGIR<\/td><\/tr><tr><td>Desarrollo continuo de la red de asociaciones entre la escuela y la comunidad y el aprendizaje conectado con la carrera<\/td><td>25%<\/td><td>Director de Asociaciones Comunitarias<\/td><\/tr><tr><td>Beca de Coordinaci\u00f3n de Escuelas Comunitarias<\/td><td>5%<\/td><td>Director de Asociaciones Comunitarias<\/td><\/tr><tr><td>TOTAL PARCIAL<\/td><td>30%<\/td><td>\u00a0<\/td><\/tr><\/tbody><\/table><\/figure>\n\n<h2 class=\"wp-block-heading\" id=\"h-manchester-proud-operations-nbsp\">OPERACIONES ORGULLOSAS DE MANCHESTER  <\/h2>\n\n<figure class=\"wp-block-table\"><table><tbody><tr><td>INICIATIVA<\/td><td>ASIGNACI\u00d3N DE TIEMPO<\/td><td>DIRIGIR<\/td><\/tr><tr><td>Asistencia con la facilitaci\u00f3n y gesti\u00f3n de grupos de trabajo: membres\u00eda y equidad, recaudaci\u00f3n de fondos, planificaci\u00f3n organizacional.<\/td><td>14%<\/td><td>Director orgulloso de Manchester<\/td><\/tr><tr><td>Exploraci\u00f3n de oportunidades y posibles asociaciones.<\/td><td>6%<\/td><td>Todo el equipo<\/td><\/tr><tr><td>Operaciones generales y coordinaci\u00f3n.<\/td><td>6%<\/td><td>Todo el equipo<\/td><\/tr><tr><td>TOTAL PARCIAL<\/td><td>26%<\/td><td>\u00a0<\/td><\/tr><\/tbody><\/table><\/figure>\n\n<p>Proporcionamos esta informaci\u00f3n para permitir que nuestros seguidores, nuestra comunidad y nosotros mismos comprendamos y supervisemos mejor el trabajo de Manchester Proud. Entre nuestras observaciones est\u00e1n:<\/p>\n\n<ul class=\"wp-block-list\">\n<li>Nuestro trabajo est\u00e1 apropiadamente alineado con la misi\u00f3n de Manchester Proud: \u00abCrear <strong>participaci\u00f3n comunitaria<\/strong> y <strong>asociaciones<\/strong> con el Distrito Escolar de Manchester para defender el \u00e9xito de los estudiantes y crear escuelas p\u00fablicas excepcionales\u00bb.<\/li>\n\n\n\n<li>Seguimos centrados en el papel \u00fanico de Manchester Proud como facilitador comunitario y facilitador de recursos, impulsando un cambio sist\u00e9mico en nuestras escuelas p\u00fablicas y nuestra comunidad. Un cambio que est\u00e1 produciendo programas, servicios, oportunidades de aprendizaje y trayectorias profesionales basados \u200b\u200ben la equidad para nuestros estudiantes y familias; Cambio que sea alinear y optimizar la aplicaci\u00f3n de los recursos comunitarios a las necesidades de nuestros estudiantes; Cambio que est\u00e9 avanzando en la organizaci\u00f3n y eficacia de nuestro distrito escolar; Un cambio que est\u00e1 construyendo una cultura de orgullo y compromiso en nuestras escuelas p\u00fablicas y nuestra comunidad.  <\/li>\n<\/ul>\n\n<p>Por supuesto, lo anterior es s\u00f3lo representativo del tiempo de nuestro modesto personal organizando y liderando iniciativas. El verdadero progreso de Manchester Proud es posible gracias a las innumerables horas voluntarias de nuestro Consejo; socios de MSD y nuestro Comit\u00e9 de la Junta Escolar; colaboradores de organizaciones y empresas de servicios de Manchester; y partidarios de la comunidad.  <\/p>\n\n<p>\u00a1Juntos seguimos ADELANTE!<\/p>\n","protected":false},"excerpt":{"rendered":"<p>Mantos de hojas coloridas, un peque\u00f1o pellizco en el aire y el reinicio de los relojes son se\u00f1ales inequ\u00edvocas de que pronto pasar\u00e1 otro a\u00f1o calendario. 2023 ha sido bueno  <a href=\"https:\/\/manchesterproud.org\/es\/actualizacion-de-noviembre-de-2023-ventana-al-2024\/\" rel=\"bookmark\" title=\"Actualizaci\u00f3n de noviembre de 2023: ventana al 2024\">[&hellip;]<\/a><\/p>\n","protected":false},"author":4,"featured_media":3021,"comment_status":"open","ping_status":"closed","sticky":false,"template":"","format":"standard","meta":{"_acf_changed":false,"_mo_disable_npp":"","footnotes":""},"categories":[109],"tags":[],"class_list":["post-9771","post","type-post","status-publish","format-standard","has-post-thumbnail","hentry","category-sin-categorizar"],"acf":[],"yoast_head":"<!-- This site is optimized with the Yoast SEO Premium plugin v21.5 (Yoast SEO v27.2) - https:\/\/yoast.com\/product\/yoast-seo-premium-wordpress\/ -->\n<title>Actualizaci\u00f3n de noviembre de 2023: ventana al 2024 - Manchester Proud<\/title>\n<meta name=\"robots\" content=\"index, follow, max-snippet:-1, max-image-preview:large, max-video-preview:-1\" \/>\n<link rel=\"canonical\" href=\"https:\/\/manchesterproud.org\/es\/actualizacion-de-noviembre-de-2023-ventana-al-2024\/\" \/>\n<meta property=\"og:locale\" content=\"es_ES\" \/>\n<meta property=\"og:type\" content=\"article\" \/>\n<meta property=\"og:title\" content=\"Actualizaci\u00f3n de noviembre de 2023: ventana al 2024\" \/>\n<meta property=\"og:description\" content=\"Mantos de hojas coloridas, un peque\u00f1o pellizco en el aire y el reinicio de los relojes son se\u00f1ales inequ\u00edvocas de que pronto pasar\u00e1 otro a\u00f1o calendario.\" \/>\n<meta property=\"og:url\" content=\"https:\/\/manchesterproud.org\/es\/actualizacion-de-noviembre-de-2023-ventana-al-2024\/\" \/>\n<meta property=\"og:site_name\" content=\"Manchester Proud\" \/>\n<meta property=\"article:published_time\" content=\"2023-11-14T03:24:37+00:00\" \/>\n<meta property=\"article:modified_time\" content=\"2024-05-02T14:45:31+00:00\" \/>\n<meta property=\"og:image\" content=\"https:\/\/manchesterproud.org\/wp-content\/uploads\/2024\/03\/blog-Default-ImageV2.jpg\" \/>\n\t<meta property=\"og:image:width\" content=\"936\" \/>\n\t<meta property=\"og:image:height\" content=\"624\" \/>\n\t<meta property=\"og:image:type\" content=\"image\/jpeg\" \/>\n<meta name=\"author\" content=\"Lauren Boisvert\" \/>\n<meta name=\"twitter:card\" content=\"summary_large_image\" \/>\n<meta name=\"twitter:label1\" content=\"Escrito por\" \/>\n\t<meta name=\"twitter:data1\" content=\"Lauren Boisvert\" \/>\n\t<meta name=\"twitter:label2\" content=\"Tiempo de lectura\" \/>\n\t<meta name=\"twitter:data2\" content=\"3 minutos\" \/>\n<script type=\"application\/ld+json\" class=\"yoast-schema-graph\">{\"@context\":\"https:\/\/schema.org\",\"@graph\":[{\"@type\":\"Article\",\"@id\":\"https:\/\/manchesterproud.org\/es\/actualizacion-de-noviembre-de-2023-ventana-al-2024\/#article\",\"isPartOf\":{\"@id\":\"https:\/\/manchesterproud.org\/es\/actualizacion-de-noviembre-de-2023-ventana-al-2024\/\"},\"author\":{\"name\":\"Lauren Boisvert\",\"@id\":\"https:\/\/manchesterproud.org\/es\/#\/schema\/person\/f280030f121d45addfb512c2ffcb3b2f\"},\"headline\":\"Actualizaci\u00f3n de noviembre de 2023: ventana al 2024\",\"datePublished\":\"2023-11-14T03:24:37+00:00\",\"dateModified\":\"2024-05-02T14:45:31+00:00\",\"mainEntityOfPage\":{\"@id\":\"https:\/\/manchesterproud.org\/es\/actualizacion-de-noviembre-de-2023-ventana-al-2024\/\"},\"wordCount\":697,\"commentCount\":0,\"image\":{\"@id\":\"https:\/\/manchesterproud.org\/es\/actualizacion-de-noviembre-de-2023-ventana-al-2024\/#primaryimage\"},\"thumbnailUrl\":\"https:\/\/manchesterproud.org\/wp-content\/uploads\/2024\/03\/blog-Default-ImageV2.jpg\",\"articleSection\":[\"Sin categorizar\"],\"inLanguage\":\"es\",\"potentialAction\":[{\"@type\":\"CommentAction\",\"name\":\"Comment\",\"target\":[\"https:\/\/manchesterproud.org\/es\/actualizacion-de-noviembre-de-2023-ventana-al-2024\/#respond\"]}]},{\"@type\":\"WebPage\",\"@id\":\"https:\/\/manchesterproud.org\/es\/actualizacion-de-noviembre-de-2023-ventana-al-2024\/\",\"url\":\"https:\/\/manchesterproud.org\/es\/actualizacion-de-noviembre-de-2023-ventana-al-2024\/\",\"name\":\"Actualizaci\u00f3n de noviembre de 2023: ventana al 2024 - Manchester Proud\",\"isPartOf\":{\"@id\":\"https:\/\/manchesterproud.org\/es\/#website\"},\"primaryImageOfPage\":{\"@id\":\"https:\/\/manchesterproud.org\/es\/actualizacion-de-noviembre-de-2023-ventana-al-2024\/#primaryimage\"},\"image\":{\"@id\":\"https:\/\/manchesterproud.org\/es\/actualizacion-de-noviembre-de-2023-ventana-al-2024\/#primaryimage\"},\"thumbnailUrl\":\"https:\/\/manchesterproud.org\/wp-content\/uploads\/2024\/03\/blog-Default-ImageV2.jpg\",\"datePublished\":\"2023-11-14T03:24:37+00:00\",\"dateModified\":\"2024-05-02T14:45:31+00:00\",\"author\":{\"@id\":\"https:\/\/manchesterproud.org\/es\/#\/schema\/person\/f280030f121d45addfb512c2ffcb3b2f\"},\"breadcrumb\":{\"@id\":\"https:\/\/manchesterproud.org\/es\/actualizacion-de-noviembre-de-2023-ventana-al-2024\/#breadcrumb\"},\"inLanguage\":\"es\",\"potentialAction\":[{\"@type\":\"ReadAction\",\"target\":[\"https:\/\/manchesterproud.org\/es\/actualizacion-de-noviembre-de-2023-ventana-al-2024\/\"]}]},{\"@type\":\"ImageObject\",\"inLanguage\":\"es\",\"@id\":\"https:\/\/manchesterproud.org\/es\/actualizacion-de-noviembre-de-2023-ventana-al-2024\/#primaryimage\",\"url\":\"https:\/\/manchesterproud.org\/wp-content\/uploads\/2024\/03\/blog-Default-ImageV2.jpg\",\"contentUrl\":\"https:\/\/manchesterproud.org\/wp-content\/uploads\/2024\/03\/blog-Default-ImageV2.jpg\",\"width\":936,\"height\":624},{\"@type\":\"BreadcrumbList\",\"@id\":\"https:\/\/manchesterproud.org\/es\/actualizacion-de-noviembre-de-2023-ventana-al-2024\/#breadcrumb\",\"itemListElement\":[{\"@type\":\"ListItem\",\"position\":1,\"name\":\"Home\",\"item\":\"https:\/\/manchesterproud.org\/es\/hogar\/\"},{\"@type\":\"ListItem\",\"position\":2,\"name\":\"Actualizaci\u00f3n de noviembre de 2023: ventana al 2024\"}]},{\"@type\":\"WebSite\",\"@id\":\"https:\/\/manchesterproud.org\/es\/#website\",\"url\":\"https:\/\/manchesterproud.org\/es\/\",\"name\":\"Manchester Proud\",\"description\":\"\",\"potentialAction\":[{\"@type\":\"SearchAction\",\"target\":{\"@type\":\"EntryPoint\",\"urlTemplate\":\"https:\/\/manchesterproud.org\/es\/?s={search_term_string}\"},\"query-input\":{\"@type\":\"PropertyValueSpecification\",\"valueRequired\":true,\"valueName\":\"search_term_string\"}}],\"inLanguage\":\"es\"},{\"@type\":\"Person\",\"@id\":\"https:\/\/manchesterproud.org\/es\/#\/schema\/person\/f280030f121d45addfb512c2ffcb3b2f\",\"name\":\"Lauren Boisvert\",\"image\":{\"@type\":\"ImageObject\",\"inLanguage\":\"es\",\"@id\":\"https:\/\/secure.gravatar.com\/avatar\/e720874d7d42034ec9c3702e1ce9d1430c1fe5502014d7bb33a980fe8b083202?s=96&d=mm&r=g\",\"url\":\"https:\/\/secure.gravatar.com\/avatar\/e720874d7d42034ec9c3702e1ce9d1430c1fe5502014d7bb33a980fe8b083202?s=96&d=mm&r=g\",\"contentUrl\":\"https:\/\/secure.gravatar.com\/avatar\/e720874d7d42034ec9c3702e1ce9d1430c1fe5502014d7bb33a980fe8b083202?s=96&d=mm&r=g\",\"caption\":\"Lauren Boisvert\"},\"url\":\"https:\/\/manchesterproud.org\/es\/author\/lauren\/\"}]}<\/script>\n<!-- \/ Yoast SEO Premium plugin. -->","yoast_head_json":{"title":"Actualizaci\u00f3n de noviembre de 2023: ventana al 2024 - Manchester Proud","robots":{"index":"index","follow":"follow","max-snippet":"max-snippet:-1","max-image-preview":"max-image-preview:large","max-video-preview":"max-video-preview:-1"},"canonical":"https:\/\/manchesterproud.org\/es\/actualizacion-de-noviembre-de-2023-ventana-al-2024\/","og_locale":"es_ES","og_type":"article","og_title":"Actualizaci\u00f3n de noviembre de 2023: ventana al 2024","og_description":"Mantos de hojas coloridas, un peque\u00f1o pellizco en el aire y el reinicio de los relojes son se\u00f1ales inequ\u00edvocas de que pronto pasar\u00e1 otro a\u00f1o calendario.","og_url":"https:\/\/manchesterproud.org\/es\/actualizacion-de-noviembre-de-2023-ventana-al-2024\/","og_site_name":"Manchester Proud","article_published_time":"2023-11-14T03:24:37+00:00","article_modified_time":"2024-05-02T14:45:31+00:00","og_image":[{"width":936,"height":624,"url":"https:\/\/manchesterproud.org\/wp-content\/uploads\/2024\/03\/blog-Default-ImageV2.jpg","type":"image\/jpeg"}],"author":"Lauren Boisvert","twitter_card":"summary_large_image","twitter_misc":{"Escrito por":"Lauren Boisvert","Tiempo de lectura":"3 minutos"},"schema":{"@context":"https:\/\/schema.org","@graph":[{"@type":"Article","@id":"https:\/\/manchesterproud.org\/es\/actualizacion-de-noviembre-de-2023-ventana-al-2024\/#article","isPartOf":{"@id":"https:\/\/manchesterproud.org\/es\/actualizacion-de-noviembre-de-2023-ventana-al-2024\/"},"author":{"name":"Lauren Boisvert","@id":"https:\/\/manchesterproud.org\/es\/#\/schema\/person\/f280030f121d45addfb512c2ffcb3b2f"},"headline":"Actualizaci\u00f3n de noviembre de 2023: ventana al 2024","datePublished":"2023-11-14T03:24:37+00:00","dateModified":"2024-05-02T14:45:31+00:00","mainEntityOfPage":{"@id":"https:\/\/manchesterproud.org\/es\/actualizacion-de-noviembre-de-2023-ventana-al-2024\/"},"wordCount":697,"commentCount":0,"image":{"@id":"https:\/\/manchesterproud.org\/es\/actualizacion-de-noviembre-de-2023-ventana-al-2024\/#primaryimage"},"thumbnailUrl":"https:\/\/manchesterproud.org\/wp-content\/uploads\/2024\/03\/blog-Default-ImageV2.jpg","articleSection":["Sin categorizar"],"inLanguage":"es","potentialAction":[{"@type":"CommentAction","name":"Comment","target":["https:\/\/manchesterproud.org\/es\/actualizacion-de-noviembre-de-2023-ventana-al-2024\/#respond"]}]},{"@type":"WebPage","@id":"https:\/\/manchesterproud.org\/es\/actualizacion-de-noviembre-de-2023-ventana-al-2024\/","url":"https:\/\/manchesterproud.org\/es\/actualizacion-de-noviembre-de-2023-ventana-al-2024\/","name":"Actualizaci\u00f3n de noviembre de 2023: ventana al 2024 - Manchester Proud","isPartOf":{"@id":"https:\/\/manchesterproud.org\/es\/#website"},"primaryImageOfPage":{"@id":"https:\/\/manchesterproud.org\/es\/actualizacion-de-noviembre-de-2023-ventana-al-2024\/#primaryimage"},"image":{"@id":"https:\/\/manchesterproud.org\/es\/actualizacion-de-noviembre-de-2023-ventana-al-2024\/#primaryimage"},"thumbnailUrl":"https:\/\/manchesterproud.org\/wp-content\/uploads\/2024\/03\/blog-Default-ImageV2.jpg","datePublished":"2023-11-14T03:24:37+00:00","dateModified":"2024-05-02T14:45:31+00:00","author":{"@id":"https:\/\/manchesterproud.org\/es\/#\/schema\/person\/f280030f121d45addfb512c2ffcb3b2f"},"breadcrumb":{"@id":"https:\/\/manchesterproud.org\/es\/actualizacion-de-noviembre-de-2023-ventana-al-2024\/#breadcrumb"},"inLanguage":"es","potentialAction":[{"@type":"ReadAction","target":["https:\/\/manchesterproud.org\/es\/actualizacion-de-noviembre-de-2023-ventana-al-2024\/"]}]},{"@type":"ImageObject","inLanguage":"es","@id":"https:\/\/manchesterproud.org\/es\/actualizacion-de-noviembre-de-2023-ventana-al-2024\/#primaryimage","url":"https:\/\/manchesterproud.org\/wp-content\/uploads\/2024\/03\/blog-Default-ImageV2.jpg","contentUrl":"https:\/\/manchesterproud.org\/wp-content\/uploads\/2024\/03\/blog-Default-ImageV2.jpg","width":936,"height":624},{"@type":"BreadcrumbList","@id":"https:\/\/manchesterproud.org\/es\/actualizacion-de-noviembre-de-2023-ventana-al-2024\/#breadcrumb","itemListElement":[{"@type":"ListItem","position":1,"name":"Home","item":"https:\/\/manchesterproud.org\/es\/hogar\/"},{"@type":"ListItem","position":2,"name":"Actualizaci\u00f3n de noviembre de 2023: ventana al 2024"}]},{"@type":"WebSite","@id":"https:\/\/manchesterproud.org\/es\/#website","url":"https:\/\/manchesterproud.org\/es\/","name":"Manchester Proud","description":"","potentialAction":[{"@type":"SearchAction","target":{"@type":"EntryPoint","urlTemplate":"https:\/\/manchesterproud.org\/es\/?s={search_term_string}"},"query-input":{"@type":"PropertyValueSpecification","valueRequired":true,"valueName":"search_term_string"}}],"inLanguage":"es"},{"@type":"Person","@id":"https:\/\/manchesterproud.org\/es\/#\/schema\/person\/f280030f121d45addfb512c2ffcb3b2f","name":"Lauren Boisvert","image":{"@type":"ImageObject","inLanguage":"es","@id":"https:\/\/secure.gravatar.com\/avatar\/e720874d7d42034ec9c3702e1ce9d1430c1fe5502014d7bb33a980fe8b083202?s=96&d=mm&r=g","url":"https:\/\/secure.gravatar.com\/avatar\/e720874d7d42034ec9c3702e1ce9d1430c1fe5502014d7bb33a980fe8b083202?s=96&d=mm&r=g","contentUrl":"https:\/\/secure.gravatar.com\/avatar\/e720874d7d42034ec9c3702e1ce9d1430c1fe5502014d7bb33a980fe8b083202?s=96&d=mm&r=g","caption":"Lauren Boisvert"},"url":"https:\/\/manchesterproud.org\/es\/author\/lauren\/"}]}},"_links":{"self":[{"href":"https:\/\/manchesterproud.org\/es\/wp-json\/wp\/v2\/posts\/9771","targetHints":{"allow":["GET"]}}],"collection":[{"href":"https:\/\/manchesterproud.org\/es\/wp-json\/wp\/v2\/posts"}],"about":[{"href":"https:\/\/manchesterproud.org\/es\/wp-json\/wp\/v2\/types\/post"}],"author":[{"embeddable":true,"href":"https:\/\/manchesterproud.org\/es\/wp-json\/wp\/v2\/users\/4"}],"replies":[{"embeddable":true,"href":"https:\/\/manchesterproud.org\/es\/wp-json\/wp\/v2\/comments?post=9771"}],"version-history":[{"count":0,"href":"https:\/\/manchesterproud.org\/es\/wp-json\/wp\/v2\/posts\/9771\/revisions"}],"wp:featuredmedia":[{"embeddable":true,"href":"https:\/\/manchesterproud.org\/es\/wp-json\/wp\/v2\/media\/3021"}],"wp:attachment":[{"href":"https:\/\/manchesterproud.org\/es\/wp-json\/wp\/v2\/media?parent=9771"}],"wp:term":[{"taxonomy":"category","embeddable":true,"href":"https:\/\/manchesterproud.org\/es\/wp-json\/wp\/v2\/categories?post=9771"},{"taxonomy":"post_tag","embeddable":true,"href":"https:\/\/manchesterproud.org\/es\/wp-json\/wp\/v2\/tags?post=9771"}],"curies":[{"name":"wp","href":"https:\/\/api.w.org\/{rel}","templated":true}]}}