{"id":9778,"date":"2024-04-04T10:33:48","date_gmt":"2024-04-04T14:33:48","guid":{"rendered":"https:\/\/manchesterproud.org\/actualizacion-del-orgullo-de-manchester-marzo-de-2024\/"},"modified":"2024-05-02T10:46:13","modified_gmt":"2024-05-02T14:46:13","slug":"actualizacion-del-orgullo-de-manchester-marzo-de-2024","status":"publish","type":"post","link":"https:\/\/manchesterproud.org\/es\/actualizacion-del-orgullo-de-manchester-marzo-de-2024\/","title":{"rendered":"Actualizaci\u00f3n del orgullo de Manchester: marzo de 2024"},"content":{"rendered":"\t\t<div data-elementor-type=\"wp-post\" data-elementor-id=\"9778\" class=\"elementor elementor-9778 elementor-4246\" data-elementor-post-type=\"post\">\n\t\t\t\t<div class=\"elementor-element elementor-element-5b6c5f25 e-flex e-con-boxed e-con e-parent\" data-id=\"5b6c5f25\" data-element_type=\"container\" data-e-type=\"container\">\n\t\t\t\t\t<div class=\"e-con-inner\">\n\t\t\t\t<div class=\"elementor-element elementor-element-ef2f0c9 elementor-widget elementor-widget-image\" data-id=\"ef2f0c9\" data-element_type=\"widget\" data-e-type=\"widget\" data-widget_type=\"image.default\">\n\t\t\t\t<div class=\"elementor-widget-container\">\n\t\t\t\t\t\t\t\t\t\t\t\t\t\t\t<img fetchpriority=\"high\" decoding=\"async\" width=\"640\" height=\"198\" src=\"https:\/\/manchesterproud.org\/wp-content\/uploads\/2024\/04\/SpringIntoSummerLogo-2024-1024x316.jpg\" class=\"attachment-large size-large wp-image-9213\" alt=\"\" srcset=\"https:\/\/manchesterproud.org\/wp-content\/uploads\/2024\/04\/SpringIntoSummerLogo-2024-1024x316.jpg 1024w, https:\/\/manchesterproud.org\/wp-content\/uploads\/2024\/04\/SpringIntoSummerLogo-2024-300x93.jpg 300w, https:\/\/manchesterproud.org\/wp-content\/uploads\/2024\/04\/SpringIntoSummerLogo-2024-768x237.jpg 768w, https:\/\/manchesterproud.org\/wp-content\/uploads\/2024\/04\/SpringIntoSummerLogo-2024-1536x474.jpg 1536w, https:\/\/manchesterproud.org\/wp-content\/uploads\/2024\/04\/SpringIntoSummerLogo-2024-2048x632.jpg 2048w, https:\/\/manchesterproud.org\/wp-content\/uploads\/2024\/04\/SpringIntoSummerLogo-2024-18x6.jpg 18w\" sizes=\"(max-width: 640px) 100vw, 640px\" \/>\t\t\t\t\t\t\t\t\t\t\t\t\t\t\t<\/div>\n\t\t\t\t<\/div>\n\t\t\t\t<div class=\"elementor-element elementor-element-74cafe8f elementor-widget elementor-widget-text-editor\" data-id=\"74cafe8f\" data-element_type=\"widget\" data-e-type=\"widget\" data-widget_type=\"text-editor.default\">\n\t\t\t\t<div class=\"elementor-widget-container\">\n\t\t\t\t\t\t\t\t\t\n\n<p>En el coraz\u00f3n de Manchester, New Hampshire, en la Escuela Primaria Beech Street, la colaboraci\u00f3n comunitaria y el compromiso con el \u00e9xito de los estudiantes ocuparon un lugar central en la reciente Feria de Recursos Manchester Proud Spring into Summer. Organizado conjuntamente por Manchester Proud y el Distrito Escolar de Manchester, \u00a1este evento result\u00f3 ser un \u00e9xito rotundo!&nbsp;  Casi 40 socios comunitarios se presentaron para demostrar el poder del esfuerzo colectivo para fomentar oportunidades educativas y apoyar el desarrollo integral de la juventud de nuestra ciudad.&nbsp;<\/p>\n\n\n\n\n<p>Manchester Proud, una organizaci\u00f3n comunitaria dedicada a mejorar la calidad de la educaci\u00f3n en las escuelas p\u00fablicas de la ciudad, ha sido una fuerza impulsora detr\u00e1s de iniciativas destinadas a empoderar a los estudiantes y enriquecer sus experiencias de aprendizaje. La Feria de Recursos de Primavera a Verano sirvi\u00f3 como una manifestaci\u00f3n tangible de esta misi\u00f3n, reuniendo a educadores, l\u00edderes comunitarios, empresas y familias para brindar una amplia gama de recursos y oportunidades para los estudiantes en los pr\u00f3ximos meses de verano. Desde programas de enriquecimiento acad\u00e9mico hasta actividades recreativas y talleres de exploraci\u00f3n profesional, la feria ofreci\u00f3 algo para cada estudiante, independientemente de sus intereses, antecedentes o edad.&nbsp;<\/p>\n\n\n\n<p>Al brindar acceso a programas de aprendizaje de verano, servicios de tutor\u00eda y actividades extracurriculares, la feria ten\u00eda como objetivo conectar a las familias con oportunidades fuera del a\u00f1o escolar tradicional a trav\u00e9s de campamentos de verano, pasant\u00edas, empleos y m\u00e1s. M\u00e1s all\u00e1 del enriquecimiento acad\u00e9mico, la feria tambi\u00e9n foment\u00f3 la participaci\u00f3n y la colaboraci\u00f3n de la comunidad. Empresas y organizaciones locales se unieron para ofrecer su apoyo y recursos, forjando asociaciones que seguir\u00e1n beneficiando a los j\u00f3venes de la ciudad mucho despu\u00e9s de que finalice el evento. Al unir a las partes interesadas de toda la comunidad, la feria reforz\u00f3 la noci\u00f3n de que el \u00e9xito de los estudiantes es una responsabilidad colectiva, que requiere la participaci\u00f3n activa de los educadores, las familias y la comunidad en general.<\/p>\n\n\n\n<p>Mientras el sol se pon\u00eda de primavera a verano,&nbsp; 300 familias fueron mejor informadas sobre las opciones para que sus hijos disfruten de un verano enriquecedor. Al defender el \u00e9xito de los estudiantes a trav\u00e9s del aprendizaje relacionado con la carrera y la ampliaci\u00f3n del tiempo de aprendizaje, el evento ejemplific\u00f3 el impacto transformador que los esfuerzos colaborativos pueden tener en los resultados educativos. En el futuro, Manchester Proud se mantiene firme en su compromiso de brindar oportunidades para defender el \u00e9xito de los estudiantes a trav\u00e9s de la colaboraci\u00f3n y asociaciones, \u00a1ADELANTE!<\/p>\n\t\t\t\t\t\t\t\t<\/div>\n\t\t\t\t<\/div>\n\t\t\t\t\t<\/div>\n\t\t\t\t<\/div>\n\t\t\t\t<\/div>\n\t\t","protected":false},"excerpt":{"rendered":"<p>En el coraz\u00f3n de Manchester, New Hampshire, en la Escuela Primaria Beech Street, la colaboraci\u00f3n comunitaria y el compromiso con el \u00e9xito de los estudiantes ocuparon un lugar central en  <a href=\"https:\/\/manchesterproud.org\/es\/actualizacion-del-orgullo-de-manchester-marzo-de-2024\/\" rel=\"bookmark\" title=\"Actualizaci\u00f3n del orgullo de Manchester: marzo de 2024\">[&hellip;]<\/a><\/p>\n","protected":false},"author":4,"featured_media":3021,"comment_status":"open","ping_status":"closed","sticky":false,"template":"","format":"standard","meta":{"_acf_changed":false,"_mo_disable_npp":"","footnotes":""},"categories":[138],"tags":[],"class_list":["post-9778","post","type-post","status-publish","format-standard","has-post-thumbnail","hentry","category-momento-de-orgullo"],"acf":[],"yoast_head":"<!-- This site is optimized with the Yoast SEO Premium plugin v21.5 (Yoast SEO v27.2) - https:\/\/yoast.com\/product\/yoast-seo-premium-wordpress\/ -->\n<title>Actualizaci\u00f3n del orgullo de Manchester: marzo de 2024 - Manchester Proud<\/title>\n<meta name=\"robots\" content=\"index, follow, max-snippet:-1, max-image-preview:large, max-video-preview:-1\" \/>\n<link rel=\"canonical\" href=\"https:\/\/manchesterproud.org\/es\/actualizacion-del-orgullo-de-manchester-marzo-de-2024\/\" \/>\n<meta property=\"og:locale\" content=\"es_ES\" \/>\n<meta property=\"og:type\" content=\"article\" \/>\n<meta property=\"og:title\" content=\"Actualizaci\u00f3n del orgullo de Manchester: marzo de 2024\" \/>\n<meta property=\"og:description\" content=\"En el coraz\u00f3n de Manchester, New Hampshire, en la Escuela Primaria Beech Street, la colaboraci\u00f3n comunitaria y el compromiso con el \u00e9xito de los\" \/>\n<meta property=\"og:url\" content=\"https:\/\/manchesterproud.org\/es\/actualizacion-del-orgullo-de-manchester-marzo-de-2024\/\" \/>\n<meta property=\"og:site_name\" content=\"Manchester Proud\" \/>\n<meta property=\"article:published_time\" content=\"2024-04-04T14:33:48+00:00\" \/>\n<meta property=\"article:modified_time\" content=\"2024-05-02T14:46:13+00:00\" \/>\n<meta property=\"og:image\" content=\"https:\/\/manchesterproud.org\/wp-content\/uploads\/2024\/03\/blog-Default-ImageV2.jpg\" \/>\n\t<meta property=\"og:image:width\" content=\"936\" \/>\n\t<meta property=\"og:image:height\" content=\"624\" \/>\n\t<meta property=\"og:image:type\" content=\"image\/jpeg\" \/>\n<meta name=\"author\" content=\"Lauren Boisvert\" \/>\n<meta name=\"twitter:card\" content=\"summary_large_image\" \/>\n<meta name=\"twitter:label1\" content=\"Escrito por\" \/>\n\t<meta name=\"twitter:data1\" content=\"Lauren Boisvert\" \/>\n\t<meta name=\"twitter:label2\" content=\"Tiempo de lectura\" \/>\n\t<meta name=\"twitter:data2\" content=\"2 minutos\" \/>\n<script type=\"application\/ld+json\" class=\"yoast-schema-graph\">{\"@context\":\"https:\/\/schema.org\",\"@graph\":[{\"@type\":\"Article\",\"@id\":\"https:\/\/manchesterproud.org\/es\/actualizacion-del-orgullo-de-manchester-marzo-de-2024\/#article\",\"isPartOf\":{\"@id\":\"https:\/\/manchesterproud.org\/es\/actualizacion-del-orgullo-de-manchester-marzo-de-2024\/\"},\"author\":{\"name\":\"Lauren Boisvert\",\"@id\":\"https:\/\/manchesterproud.org\/es\/#\/schema\/person\/f280030f121d45addfb512c2ffcb3b2f\"},\"headline\":\"Actualizaci\u00f3n del orgullo de Manchester: marzo de 2024\",\"datePublished\":\"2024-04-04T14:33:48+00:00\",\"dateModified\":\"2024-05-02T14:46:13+00:00\",\"mainEntityOfPage\":{\"@id\":\"https:\/\/manchesterproud.org\/es\/actualizacion-del-orgullo-de-manchester-marzo-de-2024\/\"},\"wordCount\":460,\"commentCount\":0,\"image\":{\"@id\":\"https:\/\/manchesterproud.org\/es\/actualizacion-del-orgullo-de-manchester-marzo-de-2024\/#primaryimage\"},\"thumbnailUrl\":\"https:\/\/manchesterproud.org\/wp-content\/uploads\/2024\/03\/blog-Default-ImageV2.jpg\",\"articleSection\":[\"Momento de orgullo\"],\"inLanguage\":\"es\",\"potentialAction\":[{\"@type\":\"CommentAction\",\"name\":\"Comment\",\"target\":[\"https:\/\/manchesterproud.org\/es\/actualizacion-del-orgullo-de-manchester-marzo-de-2024\/#respond\"]}]},{\"@type\":\"WebPage\",\"@id\":\"https:\/\/manchesterproud.org\/es\/actualizacion-del-orgullo-de-manchester-marzo-de-2024\/\",\"url\":\"https:\/\/manchesterproud.org\/es\/actualizacion-del-orgullo-de-manchester-marzo-de-2024\/\",\"name\":\"Actualizaci\u00f3n del orgullo de Manchester: marzo de 2024 - Manchester Proud\",\"isPartOf\":{\"@id\":\"https:\/\/manchesterproud.org\/es\/#website\"},\"primaryImageOfPage\":{\"@id\":\"https:\/\/manchesterproud.org\/es\/actualizacion-del-orgullo-de-manchester-marzo-de-2024\/#primaryimage\"},\"image\":{\"@id\":\"https:\/\/manchesterproud.org\/es\/actualizacion-del-orgullo-de-manchester-marzo-de-2024\/#primaryimage\"},\"thumbnailUrl\":\"https:\/\/manchesterproud.org\/wp-content\/uploads\/2024\/03\/blog-Default-ImageV2.jpg\",\"datePublished\":\"2024-04-04T14:33:48+00:00\",\"dateModified\":\"2024-05-02T14:46:13+00:00\",\"author\":{\"@id\":\"https:\/\/manchesterproud.org\/es\/#\/schema\/person\/f280030f121d45addfb512c2ffcb3b2f\"},\"breadcrumb\":{\"@id\":\"https:\/\/manchesterproud.org\/es\/actualizacion-del-orgullo-de-manchester-marzo-de-2024\/#breadcrumb\"},\"inLanguage\":\"es\",\"potentialAction\":[{\"@type\":\"ReadAction\",\"target\":[\"https:\/\/manchesterproud.org\/es\/actualizacion-del-orgullo-de-manchester-marzo-de-2024\/\"]}]},{\"@type\":\"ImageObject\",\"inLanguage\":\"es\",\"@id\":\"https:\/\/manchesterproud.org\/es\/actualizacion-del-orgullo-de-manchester-marzo-de-2024\/#primaryimage\",\"url\":\"https:\/\/manchesterproud.org\/wp-content\/uploads\/2024\/03\/blog-Default-ImageV2.jpg\",\"contentUrl\":\"https:\/\/manchesterproud.org\/wp-content\/uploads\/2024\/03\/blog-Default-ImageV2.jpg\",\"width\":936,\"height\":624},{\"@type\":\"BreadcrumbList\",\"@id\":\"https:\/\/manchesterproud.org\/es\/actualizacion-del-orgullo-de-manchester-marzo-de-2024\/#breadcrumb\",\"itemListElement\":[{\"@type\":\"ListItem\",\"position\":1,\"name\":\"Home\",\"item\":\"https:\/\/manchesterproud.org\/es\/hogar\/\"},{\"@type\":\"ListItem\",\"position\":2,\"name\":\"Actualizaci\u00f3n del orgullo de Manchester: marzo de 2024\"}]},{\"@type\":\"WebSite\",\"@id\":\"https:\/\/manchesterproud.org\/es\/#website\",\"url\":\"https:\/\/manchesterproud.org\/es\/\",\"name\":\"Manchester Proud\",\"description\":\"\",\"potentialAction\":[{\"@type\":\"SearchAction\",\"target\":{\"@type\":\"EntryPoint\",\"urlTemplate\":\"https:\/\/manchesterproud.org\/es\/?s={search_term_string}\"},\"query-input\":{\"@type\":\"PropertyValueSpecification\",\"valueRequired\":true,\"valueName\":\"search_term_string\"}}],\"inLanguage\":\"es\"},{\"@type\":\"Person\",\"@id\":\"https:\/\/manchesterproud.org\/es\/#\/schema\/person\/f280030f121d45addfb512c2ffcb3b2f\",\"name\":\"Lauren Boisvert\",\"image\":{\"@type\":\"ImageObject\",\"inLanguage\":\"es\",\"@id\":\"https:\/\/secure.gravatar.com\/avatar\/e720874d7d42034ec9c3702e1ce9d1430c1fe5502014d7bb33a980fe8b083202?s=96&d=mm&r=g\",\"url\":\"https:\/\/secure.gravatar.com\/avatar\/e720874d7d42034ec9c3702e1ce9d1430c1fe5502014d7bb33a980fe8b083202?s=96&d=mm&r=g\",\"contentUrl\":\"https:\/\/secure.gravatar.com\/avatar\/e720874d7d42034ec9c3702e1ce9d1430c1fe5502014d7bb33a980fe8b083202?s=96&d=mm&r=g\",\"caption\":\"Lauren Boisvert\"},\"url\":\"https:\/\/manchesterproud.org\/es\/author\/lauren\/\"}]}<\/script>\n<!-- \/ Yoast SEO Premium plugin. -->","yoast_head_json":{"title":"Actualizaci\u00f3n del orgullo de Manchester: marzo de 2024 - Manchester Proud","robots":{"index":"index","follow":"follow","max-snippet":"max-snippet:-1","max-image-preview":"max-image-preview:large","max-video-preview":"max-video-preview:-1"},"canonical":"https:\/\/manchesterproud.org\/es\/actualizacion-del-orgullo-de-manchester-marzo-de-2024\/","og_locale":"es_ES","og_type":"article","og_title":"Actualizaci\u00f3n del orgullo de Manchester: marzo de 2024","og_description":"En el coraz\u00f3n de Manchester, New Hampshire, en la Escuela Primaria Beech Street, la colaboraci\u00f3n comunitaria y el compromiso con el \u00e9xito de los","og_url":"https:\/\/manchesterproud.org\/es\/actualizacion-del-orgullo-de-manchester-marzo-de-2024\/","og_site_name":"Manchester Proud","article_published_time":"2024-04-04T14:33:48+00:00","article_modified_time":"2024-05-02T14:46:13+00:00","og_image":[{"width":936,"height":624,"url":"https:\/\/manchesterproud.org\/wp-content\/uploads\/2024\/03\/blog-Default-ImageV2.jpg","type":"image\/jpeg"}],"author":"Lauren Boisvert","twitter_card":"summary_large_image","twitter_misc":{"Escrito por":"Lauren Boisvert","Tiempo de lectura":"2 minutos"},"schema":{"@context":"https:\/\/schema.org","@graph":[{"@type":"Article","@id":"https:\/\/manchesterproud.org\/es\/actualizacion-del-orgullo-de-manchester-marzo-de-2024\/#article","isPartOf":{"@id":"https:\/\/manchesterproud.org\/es\/actualizacion-del-orgullo-de-manchester-marzo-de-2024\/"},"author":{"name":"Lauren Boisvert","@id":"https:\/\/manchesterproud.org\/es\/#\/schema\/person\/f280030f121d45addfb512c2ffcb3b2f"},"headline":"Actualizaci\u00f3n del orgullo de Manchester: marzo de 2024","datePublished":"2024-04-04T14:33:48+00:00","dateModified":"2024-05-02T14:46:13+00:00","mainEntityOfPage":{"@id":"https:\/\/manchesterproud.org\/es\/actualizacion-del-orgullo-de-manchester-marzo-de-2024\/"},"wordCount":460,"commentCount":0,"image":{"@id":"https:\/\/manchesterproud.org\/es\/actualizacion-del-orgullo-de-manchester-marzo-de-2024\/#primaryimage"},"thumbnailUrl":"https:\/\/manchesterproud.org\/wp-content\/uploads\/2024\/03\/blog-Default-ImageV2.jpg","articleSection":["Momento de orgullo"],"inLanguage":"es","potentialAction":[{"@type":"CommentAction","name":"Comment","target":["https:\/\/manchesterproud.org\/es\/actualizacion-del-orgullo-de-manchester-marzo-de-2024\/#respond"]}]},{"@type":"WebPage","@id":"https:\/\/manchesterproud.org\/es\/actualizacion-del-orgullo-de-manchester-marzo-de-2024\/","url":"https:\/\/manchesterproud.org\/es\/actualizacion-del-orgullo-de-manchester-marzo-de-2024\/","name":"Actualizaci\u00f3n del orgullo de Manchester: marzo de 2024 - Manchester Proud","isPartOf":{"@id":"https:\/\/manchesterproud.org\/es\/#website"},"primaryImageOfPage":{"@id":"https:\/\/manchesterproud.org\/es\/actualizacion-del-orgullo-de-manchester-marzo-de-2024\/#primaryimage"},"image":{"@id":"https:\/\/manchesterproud.org\/es\/actualizacion-del-orgullo-de-manchester-marzo-de-2024\/#primaryimage"},"thumbnailUrl":"https:\/\/manchesterproud.org\/wp-content\/uploads\/2024\/03\/blog-Default-ImageV2.jpg","datePublished":"2024-04-04T14:33:48+00:00","dateModified":"2024-05-02T14:46:13+00:00","author":{"@id":"https:\/\/manchesterproud.org\/es\/#\/schema\/person\/f280030f121d45addfb512c2ffcb3b2f"},"breadcrumb":{"@id":"https:\/\/manchesterproud.org\/es\/actualizacion-del-orgullo-de-manchester-marzo-de-2024\/#breadcrumb"},"inLanguage":"es","potentialAction":[{"@type":"ReadAction","target":["https:\/\/manchesterproud.org\/es\/actualizacion-del-orgullo-de-manchester-marzo-de-2024\/"]}]},{"@type":"ImageObject","inLanguage":"es","@id":"https:\/\/manchesterproud.org\/es\/actualizacion-del-orgullo-de-manchester-marzo-de-2024\/#primaryimage","url":"https:\/\/manchesterproud.org\/wp-content\/uploads\/2024\/03\/blog-Default-ImageV2.jpg","contentUrl":"https:\/\/manchesterproud.org\/wp-content\/uploads\/2024\/03\/blog-Default-ImageV2.jpg","width":936,"height":624},{"@type":"BreadcrumbList","@id":"https:\/\/manchesterproud.org\/es\/actualizacion-del-orgullo-de-manchester-marzo-de-2024\/#breadcrumb","itemListElement":[{"@type":"ListItem","position":1,"name":"Home","item":"https:\/\/manchesterproud.org\/es\/hogar\/"},{"@type":"ListItem","position":2,"name":"Actualizaci\u00f3n del orgullo de Manchester: marzo de 2024"}]},{"@type":"WebSite","@id":"https:\/\/manchesterproud.org\/es\/#website","url":"https:\/\/manchesterproud.org\/es\/","name":"Manchester Proud","description":"","potentialAction":[{"@type":"SearchAction","target":{"@type":"EntryPoint","urlTemplate":"https:\/\/manchesterproud.org\/es\/?s={search_term_string}"},"query-input":{"@type":"PropertyValueSpecification","valueRequired":true,"valueName":"search_term_string"}}],"inLanguage":"es"},{"@type":"Person","@id":"https:\/\/manchesterproud.org\/es\/#\/schema\/person\/f280030f121d45addfb512c2ffcb3b2f","name":"Lauren Boisvert","image":{"@type":"ImageObject","inLanguage":"es","@id":"https:\/\/secure.gravatar.com\/avatar\/e720874d7d42034ec9c3702e1ce9d1430c1fe5502014d7bb33a980fe8b083202?s=96&d=mm&r=g","url":"https:\/\/secure.gravatar.com\/avatar\/e720874d7d42034ec9c3702e1ce9d1430c1fe5502014d7bb33a980fe8b083202?s=96&d=mm&r=g","contentUrl":"https:\/\/secure.gravatar.com\/avatar\/e720874d7d42034ec9c3702e1ce9d1430c1fe5502014d7bb33a980fe8b083202?s=96&d=mm&r=g","caption":"Lauren Boisvert"},"url":"https:\/\/manchesterproud.org\/es\/author\/lauren\/"}]}},"_links":{"self":[{"href":"https:\/\/manchesterproud.org\/es\/wp-json\/wp\/v2\/posts\/9778","targetHints":{"allow":["GET"]}}],"collection":[{"href":"https:\/\/manchesterproud.org\/es\/wp-json\/wp\/v2\/posts"}],"about":[{"href":"https:\/\/manchesterproud.org\/es\/wp-json\/wp\/v2\/types\/post"}],"author":[{"embeddable":true,"href":"https:\/\/manchesterproud.org\/es\/wp-json\/wp\/v2\/users\/4"}],"replies":[{"embeddable":true,"href":"https:\/\/manchesterproud.org\/es\/wp-json\/wp\/v2\/comments?post=9778"}],"version-history":[{"count":0,"href":"https:\/\/manchesterproud.org\/es\/wp-json\/wp\/v2\/posts\/9778\/revisions"}],"wp:featuredmedia":[{"embeddable":true,"href":"https:\/\/manchesterproud.org\/es\/wp-json\/wp\/v2\/media\/3021"}],"wp:attachment":[{"href":"https:\/\/manchesterproud.org\/es\/wp-json\/wp\/v2\/media?parent=9778"}],"wp:term":[{"taxonomy":"category","embeddable":true,"href":"https:\/\/manchesterproud.org\/es\/wp-json\/wp\/v2\/categories?post=9778"},{"taxonomy":"post_tag","embeddable":true,"href":"https:\/\/manchesterproud.org\/es\/wp-json\/wp\/v2\/tags?post=9778"}],"curies":[{"name":"wp","href":"https:\/\/api.w.org\/{rel}","templated":true}]}}