{"id":9914,"date":"2023-05-24T21:17:52","date_gmt":"2023-05-25T01:17:52","guid":{"rendered":"https:\/\/manchesterproud.org\/aqui-hoy-aqui-manana\/"},"modified":"2024-05-02T10:47:24","modified_gmt":"2024-05-02T14:47:24","slug":"aqui-hoy-aqui-manana","status":"publish","type":"post","link":"https:\/\/manchesterproud.org\/es\/aqui-hoy-aqui-manana\/","title":{"rendered":"Aqu\u00ed hoy, aqu\u00ed ma\u00f1ana"},"content":{"rendered":"\n<p>Lo que comenz\u00f3 en 2017 como una pregunta sobre c\u00f3mo involucrar mejor a la comunidad en nuestras escuelas p\u00fablicas ha llevado a un plan estrat\u00e9gico impulsado por la comunidad y a una serie de asociaciones comunitarias habilitadoras. El objetivo central de Manchester Proud de facilitar el cambio sist\u00e9mico ha producido avances considerables, a pesar de que a\u00fan queda mucho por hacer.<\/p>\n\n<p>Mientras tanto, a medida que perseguimos nuestra misi\u00f3n y apoyamos a nuestros socios en el Distrito Escolar de Manchester, tambi\u00e9n hemos estado desarrollando nuestra propia capacidad para el \u00e9xito continuo y futuro. Para garantizar que nuestros esfuerzos sean siempre relevantes e impactantes: Nuestro modelo de Consejo y Grupo de Trabajo, estructurado de manera \u00fanica para promover el voluntariado, se ha fortalecido para emplear de manera m\u00e1s efectiva los talentos, las experiencias y los recursos de nuestros generosos patrocinadores; Hemos contratado personal clave (1,5 puestos remunerados), cuando fue necesario para impulsar nuestro trabajo esencial en las asociaciones entre la escuela y la comunidad y las comunicaciones comunitarias; Y actualmente estamos incorporando diez nuevos miembros al Consejo de Campeones para mejorar las habilidades, conocimientos y representaci\u00f3n comunitaria de nuestro liderazgo.<\/p>\n\n<p>Hoy en d\u00eda, la combinaci\u00f3n de credibilidad basada en el desempe\u00f1o y capacidad ampliada de Manchester Proud prepara el escenario para la exploraci\u00f3n de oportunidades del siguiente nivel. Como seguidores, deben saber que actualmente estamos examinando nuestro modelo organizacional para garantizar el desarrollo continuo del liderazgo y centrarnos en iniciativas que impulsen cambios de alto nivel. \u00a1Tambi\u00e9n pasaremos el verano incorporando plenamente a nuestros nuevos miembros del Consejo y prepar\u00e1ndonos para nuestras propias sesiones de planificaci\u00f3n estrat\u00e9gica a finales del verano! Gracias por hacer todo esto posible. Sepa que estamos aqu\u00ed hoy, esforz\u00e1ndonos por ganarnos su confianza y su valioso apoyo, y estaremos aqu\u00ed ma\u00f1ana, continuando asoci\u00e1ndonos con nuestros amigos del Distrito Escolar de Manchester para hacer que nuestras escuelas p\u00fablicas sean verdaderamente excepcionales.<\/p>\n","protected":false},"excerpt":{"rendered":"<p>Lo que comenz\u00f3 en 2017 como una pregunta sobre c\u00f3mo involucrar mejor a la comunidad en nuestras escuelas p\u00fablicas ha llevado a un plan estrat\u00e9gico impulsado por la comunidad y  <a href=\"https:\/\/manchesterproud.org\/es\/aqui-hoy-aqui-manana\/\" rel=\"bookmark\" title=\"Aqu\u00ed hoy, aqu\u00ed ma\u00f1ana\">[&hellip;]<\/a><\/p>\n","protected":false},"author":4,"featured_media":3021,"comment_status":"open","ping_status":"closed","sticky":false,"template":"","format":"standard","meta":{"_acf_changed":false,"_mo_disable_npp":"","footnotes":""},"categories":[109],"tags":[],"class_list":["post-9914","post","type-post","status-publish","format-standard","has-post-thumbnail","hentry","category-sin-categorizar"],"acf":[],"yoast_head":"<!-- This site is optimized with the Yoast SEO Premium plugin v21.5 (Yoast SEO v27.2) - https:\/\/yoast.com\/product\/yoast-seo-premium-wordpress\/ -->\n<title>Aqu\u00ed hoy, aqu\u00ed ma\u00f1ana - Manchester Proud<\/title>\n<meta name=\"robots\" content=\"index, follow, max-snippet:-1, max-image-preview:large, max-video-preview:-1\" \/>\n<link rel=\"canonical\" href=\"https:\/\/manchesterproud.org\/es\/aqui-hoy-aqui-manana\/\" \/>\n<meta property=\"og:locale\" content=\"es_ES\" \/>\n<meta property=\"og:type\" content=\"article\" \/>\n<meta property=\"og:title\" content=\"Aqu\u00ed hoy, aqu\u00ed ma\u00f1ana\" \/>\n<meta property=\"og:description\" content=\"Lo que comenz\u00f3 en 2017 como una pregunta sobre c\u00f3mo involucrar mejor a la comunidad en nuestras escuelas p\u00fablicas ha llevado a un plan estrat\u00e9gico\" \/>\n<meta property=\"og:url\" content=\"https:\/\/manchesterproud.org\/es\/aqui-hoy-aqui-manana\/\" \/>\n<meta property=\"og:site_name\" content=\"Manchester Proud\" \/>\n<meta property=\"article:published_time\" content=\"2023-05-25T01:17:52+00:00\" \/>\n<meta property=\"article:modified_time\" content=\"2024-05-02T14:47:24+00:00\" \/>\n<meta property=\"og:image\" content=\"https:\/\/manchesterproud.org\/wp-content\/uploads\/2024\/03\/blog-Default-ImageV2.jpg\" \/>\n\t<meta property=\"og:image:width\" content=\"936\" \/>\n\t<meta property=\"og:image:height\" content=\"624\" \/>\n\t<meta property=\"og:image:type\" content=\"image\/jpeg\" \/>\n<meta name=\"author\" content=\"Lauren Boisvert\" \/>\n<meta name=\"twitter:card\" content=\"summary_large_image\" \/>\n<meta name=\"twitter:label1\" content=\"Escrito por\" \/>\n\t<meta name=\"twitter:data1\" content=\"Lauren Boisvert\" \/>\n\t<meta name=\"twitter:label2\" content=\"Tiempo de lectura\" \/>\n\t<meta name=\"twitter:data2\" content=\"2 minutos\" \/>\n<script type=\"application\/ld+json\" class=\"yoast-schema-graph\">{\"@context\":\"https:\/\/schema.org\",\"@graph\":[{\"@type\":\"Article\",\"@id\":\"https:\/\/manchesterproud.org\/es\/aqui-hoy-aqui-manana\/#article\",\"isPartOf\":{\"@id\":\"https:\/\/manchesterproud.org\/es\/aqui-hoy-aqui-manana\/\"},\"author\":{\"name\":\"Lauren Boisvert\",\"@id\":\"https:\/\/manchesterproud.org\/es\/#\/schema\/person\/f280030f121d45addfb512c2ffcb3b2f\"},\"headline\":\"Aqu\u00ed hoy, aqu\u00ed ma\u00f1ana\",\"datePublished\":\"2023-05-25T01:17:52+00:00\",\"dateModified\":\"2024-05-02T14:47:24+00:00\",\"mainEntityOfPage\":{\"@id\":\"https:\/\/manchesterproud.org\/es\/aqui-hoy-aqui-manana\/\"},\"wordCount\":337,\"commentCount\":0,\"image\":{\"@id\":\"https:\/\/manchesterproud.org\/es\/aqui-hoy-aqui-manana\/#primaryimage\"},\"thumbnailUrl\":\"https:\/\/manchesterproud.org\/wp-content\/uploads\/2024\/03\/blog-Default-ImageV2.jpg\",\"articleSection\":[\"Sin categorizar\"],\"inLanguage\":\"es\",\"potentialAction\":[{\"@type\":\"CommentAction\",\"name\":\"Comment\",\"target\":[\"https:\/\/manchesterproud.org\/es\/aqui-hoy-aqui-manana\/#respond\"]}]},{\"@type\":\"WebPage\",\"@id\":\"https:\/\/manchesterproud.org\/es\/aqui-hoy-aqui-manana\/\",\"url\":\"https:\/\/manchesterproud.org\/es\/aqui-hoy-aqui-manana\/\",\"name\":\"Aqu\u00ed hoy, aqu\u00ed ma\u00f1ana - Manchester Proud\",\"isPartOf\":{\"@id\":\"https:\/\/manchesterproud.org\/es\/#website\"},\"primaryImageOfPage\":{\"@id\":\"https:\/\/manchesterproud.org\/es\/aqui-hoy-aqui-manana\/#primaryimage\"},\"image\":{\"@id\":\"https:\/\/manchesterproud.org\/es\/aqui-hoy-aqui-manana\/#primaryimage\"},\"thumbnailUrl\":\"https:\/\/manchesterproud.org\/wp-content\/uploads\/2024\/03\/blog-Default-ImageV2.jpg\",\"datePublished\":\"2023-05-25T01:17:52+00:00\",\"dateModified\":\"2024-05-02T14:47:24+00:00\",\"author\":{\"@id\":\"https:\/\/manchesterproud.org\/es\/#\/schema\/person\/f280030f121d45addfb512c2ffcb3b2f\"},\"breadcrumb\":{\"@id\":\"https:\/\/manchesterproud.org\/es\/aqui-hoy-aqui-manana\/#breadcrumb\"},\"inLanguage\":\"es\",\"potentialAction\":[{\"@type\":\"ReadAction\",\"target\":[\"https:\/\/manchesterproud.org\/es\/aqui-hoy-aqui-manana\/\"]}]},{\"@type\":\"ImageObject\",\"inLanguage\":\"es\",\"@id\":\"https:\/\/manchesterproud.org\/es\/aqui-hoy-aqui-manana\/#primaryimage\",\"url\":\"https:\/\/manchesterproud.org\/wp-content\/uploads\/2024\/03\/blog-Default-ImageV2.jpg\",\"contentUrl\":\"https:\/\/manchesterproud.org\/wp-content\/uploads\/2024\/03\/blog-Default-ImageV2.jpg\",\"width\":936,\"height\":624},{\"@type\":\"BreadcrumbList\",\"@id\":\"https:\/\/manchesterproud.org\/es\/aqui-hoy-aqui-manana\/#breadcrumb\",\"itemListElement\":[{\"@type\":\"ListItem\",\"position\":1,\"name\":\"Home\",\"item\":\"https:\/\/manchesterproud.org\/es\/hogar\/\"},{\"@type\":\"ListItem\",\"position\":2,\"name\":\"Aqu\u00ed hoy, aqu\u00ed ma\u00f1ana\"}]},{\"@type\":\"WebSite\",\"@id\":\"https:\/\/manchesterproud.org\/es\/#website\",\"url\":\"https:\/\/manchesterproud.org\/es\/\",\"name\":\"Manchester Proud\",\"description\":\"\",\"potentialAction\":[{\"@type\":\"SearchAction\",\"target\":{\"@type\":\"EntryPoint\",\"urlTemplate\":\"https:\/\/manchesterproud.org\/es\/?s={search_term_string}\"},\"query-input\":{\"@type\":\"PropertyValueSpecification\",\"valueRequired\":true,\"valueName\":\"search_term_string\"}}],\"inLanguage\":\"es\"},{\"@type\":\"Person\",\"@id\":\"https:\/\/manchesterproud.org\/es\/#\/schema\/person\/f280030f121d45addfb512c2ffcb3b2f\",\"name\":\"Lauren Boisvert\",\"image\":{\"@type\":\"ImageObject\",\"inLanguage\":\"es\",\"@id\":\"https:\/\/secure.gravatar.com\/avatar\/e720874d7d42034ec9c3702e1ce9d1430c1fe5502014d7bb33a980fe8b083202?s=96&d=mm&r=g\",\"url\":\"https:\/\/secure.gravatar.com\/avatar\/e720874d7d42034ec9c3702e1ce9d1430c1fe5502014d7bb33a980fe8b083202?s=96&d=mm&r=g\",\"contentUrl\":\"https:\/\/secure.gravatar.com\/avatar\/e720874d7d42034ec9c3702e1ce9d1430c1fe5502014d7bb33a980fe8b083202?s=96&d=mm&r=g\",\"caption\":\"Lauren Boisvert\"},\"url\":\"https:\/\/manchesterproud.org\/es\/author\/lauren\/\"}]}<\/script>\n<!-- \/ Yoast SEO Premium plugin. -->","yoast_head_json":{"title":"Aqu\u00ed hoy, aqu\u00ed ma\u00f1ana - Manchester Proud","robots":{"index":"index","follow":"follow","max-snippet":"max-snippet:-1","max-image-preview":"max-image-preview:large","max-video-preview":"max-video-preview:-1"},"canonical":"https:\/\/manchesterproud.org\/es\/aqui-hoy-aqui-manana\/","og_locale":"es_ES","og_type":"article","og_title":"Aqu\u00ed hoy, aqu\u00ed ma\u00f1ana","og_description":"Lo que comenz\u00f3 en 2017 como una pregunta sobre c\u00f3mo involucrar mejor a la comunidad en nuestras escuelas p\u00fablicas ha llevado a un plan estrat\u00e9gico","og_url":"https:\/\/manchesterproud.org\/es\/aqui-hoy-aqui-manana\/","og_site_name":"Manchester Proud","article_published_time":"2023-05-25T01:17:52+00:00","article_modified_time":"2024-05-02T14:47:24+00:00","og_image":[{"width":936,"height":624,"url":"https:\/\/manchesterproud.org\/wp-content\/uploads\/2024\/03\/blog-Default-ImageV2.jpg","type":"image\/jpeg"}],"author":"Lauren Boisvert","twitter_card":"summary_large_image","twitter_misc":{"Escrito por":"Lauren Boisvert","Tiempo de lectura":"2 minutos"},"schema":{"@context":"https:\/\/schema.org","@graph":[{"@type":"Article","@id":"https:\/\/manchesterproud.org\/es\/aqui-hoy-aqui-manana\/#article","isPartOf":{"@id":"https:\/\/manchesterproud.org\/es\/aqui-hoy-aqui-manana\/"},"author":{"name":"Lauren Boisvert","@id":"https:\/\/manchesterproud.org\/es\/#\/schema\/person\/f280030f121d45addfb512c2ffcb3b2f"},"headline":"Aqu\u00ed hoy, aqu\u00ed ma\u00f1ana","datePublished":"2023-05-25T01:17:52+00:00","dateModified":"2024-05-02T14:47:24+00:00","mainEntityOfPage":{"@id":"https:\/\/manchesterproud.org\/es\/aqui-hoy-aqui-manana\/"},"wordCount":337,"commentCount":0,"image":{"@id":"https:\/\/manchesterproud.org\/es\/aqui-hoy-aqui-manana\/#primaryimage"},"thumbnailUrl":"https:\/\/manchesterproud.org\/wp-content\/uploads\/2024\/03\/blog-Default-ImageV2.jpg","articleSection":["Sin categorizar"],"inLanguage":"es","potentialAction":[{"@type":"CommentAction","name":"Comment","target":["https:\/\/manchesterproud.org\/es\/aqui-hoy-aqui-manana\/#respond"]}]},{"@type":"WebPage","@id":"https:\/\/manchesterproud.org\/es\/aqui-hoy-aqui-manana\/","url":"https:\/\/manchesterproud.org\/es\/aqui-hoy-aqui-manana\/","name":"Aqu\u00ed hoy, aqu\u00ed ma\u00f1ana - Manchester Proud","isPartOf":{"@id":"https:\/\/manchesterproud.org\/es\/#website"},"primaryImageOfPage":{"@id":"https:\/\/manchesterproud.org\/es\/aqui-hoy-aqui-manana\/#primaryimage"},"image":{"@id":"https:\/\/manchesterproud.org\/es\/aqui-hoy-aqui-manana\/#primaryimage"},"thumbnailUrl":"https:\/\/manchesterproud.org\/wp-content\/uploads\/2024\/03\/blog-Default-ImageV2.jpg","datePublished":"2023-05-25T01:17:52+00:00","dateModified":"2024-05-02T14:47:24+00:00","author":{"@id":"https:\/\/manchesterproud.org\/es\/#\/schema\/person\/f280030f121d45addfb512c2ffcb3b2f"},"breadcrumb":{"@id":"https:\/\/manchesterproud.org\/es\/aqui-hoy-aqui-manana\/#breadcrumb"},"inLanguage":"es","potentialAction":[{"@type":"ReadAction","target":["https:\/\/manchesterproud.org\/es\/aqui-hoy-aqui-manana\/"]}]},{"@type":"ImageObject","inLanguage":"es","@id":"https:\/\/manchesterproud.org\/es\/aqui-hoy-aqui-manana\/#primaryimage","url":"https:\/\/manchesterproud.org\/wp-content\/uploads\/2024\/03\/blog-Default-ImageV2.jpg","contentUrl":"https:\/\/manchesterproud.org\/wp-content\/uploads\/2024\/03\/blog-Default-ImageV2.jpg","width":936,"height":624},{"@type":"BreadcrumbList","@id":"https:\/\/manchesterproud.org\/es\/aqui-hoy-aqui-manana\/#breadcrumb","itemListElement":[{"@type":"ListItem","position":1,"name":"Home","item":"https:\/\/manchesterproud.org\/es\/hogar\/"},{"@type":"ListItem","position":2,"name":"Aqu\u00ed hoy, aqu\u00ed ma\u00f1ana"}]},{"@type":"WebSite","@id":"https:\/\/manchesterproud.org\/es\/#website","url":"https:\/\/manchesterproud.org\/es\/","name":"Manchester Proud","description":"","potentialAction":[{"@type":"SearchAction","target":{"@type":"EntryPoint","urlTemplate":"https:\/\/manchesterproud.org\/es\/?s={search_term_string}"},"query-input":{"@type":"PropertyValueSpecification","valueRequired":true,"valueName":"search_term_string"}}],"inLanguage":"es"},{"@type":"Person","@id":"https:\/\/manchesterproud.org\/es\/#\/schema\/person\/f280030f121d45addfb512c2ffcb3b2f","name":"Lauren Boisvert","image":{"@type":"ImageObject","inLanguage":"es","@id":"https:\/\/secure.gravatar.com\/avatar\/e720874d7d42034ec9c3702e1ce9d1430c1fe5502014d7bb33a980fe8b083202?s=96&d=mm&r=g","url":"https:\/\/secure.gravatar.com\/avatar\/e720874d7d42034ec9c3702e1ce9d1430c1fe5502014d7bb33a980fe8b083202?s=96&d=mm&r=g","contentUrl":"https:\/\/secure.gravatar.com\/avatar\/e720874d7d42034ec9c3702e1ce9d1430c1fe5502014d7bb33a980fe8b083202?s=96&d=mm&r=g","caption":"Lauren Boisvert"},"url":"https:\/\/manchesterproud.org\/es\/author\/lauren\/"}]}},"_links":{"self":[{"href":"https:\/\/manchesterproud.org\/es\/wp-json\/wp\/v2\/posts\/9914","targetHints":{"allow":["GET"]}}],"collection":[{"href":"https:\/\/manchesterproud.org\/es\/wp-json\/wp\/v2\/posts"}],"about":[{"href":"https:\/\/manchesterproud.org\/es\/wp-json\/wp\/v2\/types\/post"}],"author":[{"embeddable":true,"href":"https:\/\/manchesterproud.org\/es\/wp-json\/wp\/v2\/users\/4"}],"replies":[{"embeddable":true,"href":"https:\/\/manchesterproud.org\/es\/wp-json\/wp\/v2\/comments?post=9914"}],"version-history":[{"count":0,"href":"https:\/\/manchesterproud.org\/es\/wp-json\/wp\/v2\/posts\/9914\/revisions"}],"wp:featuredmedia":[{"embeddable":true,"href":"https:\/\/manchesterproud.org\/es\/wp-json\/wp\/v2\/media\/3021"}],"wp:attachment":[{"href":"https:\/\/manchesterproud.org\/es\/wp-json\/wp\/v2\/media?parent=9914"}],"wp:term":[{"taxonomy":"category","embeddable":true,"href":"https:\/\/manchesterproud.org\/es\/wp-json\/wp\/v2\/categories?post=9914"},{"taxonomy":"post_tag","embeddable":true,"href":"https:\/\/manchesterproud.org\/es\/wp-json\/wp\/v2\/tags?post=9914"}],"curies":[{"name":"wp","href":"https:\/\/api.w.org\/{rel}","templated":true}]}}