{"id":9951,"date":"2023-03-20T21:24:20","date_gmt":"2023-03-21T01:24:20","guid":{"rendered":"https:\/\/manchesterproud.org\/manchester-proud-incorpora-al-coordinador-de-comunicaciones-comunitarias\/"},"modified":"2024-05-02T10:47:25","modified_gmt":"2024-05-02T14:47:25","slug":"manchester-proud-incorpora-al-coordinador-de-comunicaciones-comunitarias","status":"publish","type":"post","link":"https:\/\/manchesterproud.org\/es\/manchester-proud-incorpora-al-coordinador-de-comunicaciones-comunitarias\/","title":{"rendered":"Manchester Proud incorpora al coordinador de comunicaciones comunitarias"},"content":{"rendered":"\n<p>Manchester Proud (MP) anuncia la contrataci\u00f3n de una nueva coordinadora de comunicaciones comunitarias, Lauren Boisvert. La creaci\u00f3n del puesto de Coordinador de Comunicaciones Comunitarias refleja la determinaci\u00f3n de Manchester Proud de promover la comprensi\u00f3n y generar participaci\u00f3n comunitaria en la creaci\u00f3n de excelentes escuelas p\u00fablicas. Manchester Proud ahora podr\u00e1 impulsar su asociaci\u00f3n de comunicaciones con el Distrito Escolar de Manchester, compartiendo noticias e historias oportunas sobre el progreso que se est\u00e1 logrando en las escuelas de nuestra ciudad.  <\/p>\n\n<p>\u201cTener a Lauren en nuestro equipo ahora nos permitir\u00e1 desarrollar un enfoque de comunicaciones m\u00e1s inclusivo y receptivo. Nuestro objetivo final es crear una red de comunicaciones a nivel comunitario que apoye la conectividad con todos los estudiantes y familias de Manchester\u201d, dijo Barry Brensinger, coordinador de Manchester Proud.<\/p>\n\n<p>Lauren es residente local de Manchester, NH, y se gradu\u00f3 del distrito escolar de Manchester. Aporta experiencia tanto en dise\u00f1o gr\u00e1fico como en educaci\u00f3n a Manchester Proud (MP). Lauren comenz\u00f3 su trabajo con el Distrito Escolar de Manchester en 2014 a trav\u00e9s del Programa School&#8217;s Out (SOP) de Granite YMCA y continu\u00f3 a trav\u00e9s de varias otras capacidades. Lauren est\u00e1 encantada de que su experiencia la haya llevado de regreso al distrito.  <\/p>\n\n<p>\u00abMe siento honrado de ser parte de la misi\u00f3n de Manchester Proud de ayudar a apoyar las cosas maravillosas que suceden en el Distrito Escolar de Manchester\u00bb. dijo Lauren: \u201cComo graduada del Distrito Escolar de Manchester, creo firmemente en el trabajo que est\u00e1 haciendo el distrito y estoy entusiasmada de ayudar a amplificar y apoyar ese trabajo\u201d.<\/p>\n\n<p>Las responsabilidades del Coordinador de Comunicaci\u00f3n Comunitaria incluir\u00e1n mantener el sitio web y las redes sociales de Manchester Proud, enviar boletines informativos por correo electr\u00f3nico, generar reconocimiento para los donantes y socios comunitarios, servir como apoyo en las relaciones con los medios y crear gr\u00e1ficos para eventos y materiales promocionales.<\/p>\n","protected":false},"excerpt":{"rendered":"<p>Manchester Proud (MP) anuncia la contrataci\u00f3n de una nueva coordinadora de comunicaciones comunitarias, Lauren Boisvert. La creaci\u00f3n del puesto de Coordinador de Comunicaciones Comunitarias refleja la determinaci\u00f3n de Manchester Proud  <a href=\"https:\/\/manchesterproud.org\/es\/manchester-proud-incorpora-al-coordinador-de-comunicaciones-comunitarias\/\" rel=\"bookmark\" title=\"Manchester Proud incorpora al coordinador de comunicaciones comunitarias\">[&hellip;]<\/a><\/p>\n","protected":false},"author":4,"featured_media":3021,"comment_status":"open","ping_status":"closed","sticky":false,"template":"","format":"standard","meta":{"_acf_changed":false,"_mo_disable_npp":"","footnotes":""},"categories":[109],"tags":[],"class_list":["post-9951","post","type-post","status-publish","format-standard","has-post-thumbnail","hentry","category-sin-categorizar"],"acf":[],"yoast_head":"<!-- This site is optimized with the Yoast SEO Premium plugin v21.5 (Yoast SEO v27.2) - https:\/\/yoast.com\/product\/yoast-seo-premium-wordpress\/ -->\n<title>Manchester Proud incorpora al coordinador de comunicaciones comunitarias - Manchester Proud<\/title>\n<meta name=\"robots\" content=\"index, follow, max-snippet:-1, max-image-preview:large, max-video-preview:-1\" \/>\n<link rel=\"canonical\" href=\"https:\/\/manchesterproud.org\/es\/manchester-proud-incorpora-al-coordinador-de-comunicaciones-comunitarias\/\" \/>\n<meta property=\"og:locale\" content=\"es_ES\" \/>\n<meta property=\"og:type\" content=\"article\" \/>\n<meta property=\"og:title\" content=\"Manchester Proud incorpora al coordinador de comunicaciones comunitarias\" \/>\n<meta property=\"og:description\" content=\"Manchester Proud (MP) anuncia la contrataci\u00f3n de una nueva coordinadora de comunicaciones comunitarias, Lauren Boisvert. La creaci\u00f3n del puesto de\" \/>\n<meta property=\"og:url\" content=\"https:\/\/manchesterproud.org\/es\/manchester-proud-incorpora-al-coordinador-de-comunicaciones-comunitarias\/\" \/>\n<meta property=\"og:site_name\" content=\"Manchester Proud\" \/>\n<meta property=\"article:published_time\" content=\"2023-03-21T01:24:20+00:00\" \/>\n<meta property=\"article:modified_time\" content=\"2024-05-02T14:47:25+00:00\" \/>\n<meta property=\"og:image\" content=\"https:\/\/manchesterproud.org\/wp-content\/uploads\/2024\/03\/blog-Default-ImageV2.jpg\" \/>\n\t<meta property=\"og:image:width\" content=\"936\" \/>\n\t<meta property=\"og:image:height\" content=\"624\" \/>\n\t<meta property=\"og:image:type\" content=\"image\/jpeg\" \/>\n<meta name=\"author\" content=\"Lauren Boisvert\" \/>\n<meta name=\"twitter:card\" content=\"summary_large_image\" \/>\n<meta name=\"twitter:label1\" content=\"Escrito por\" \/>\n\t<meta name=\"twitter:data1\" content=\"Lauren Boisvert\" \/>\n\t<meta name=\"twitter:label2\" content=\"Tiempo de lectura\" \/>\n\t<meta name=\"twitter:data2\" content=\"2 minutos\" \/>\n<script type=\"application\/ld+json\" class=\"yoast-schema-graph\">{\"@context\":\"https:\/\/schema.org\",\"@graph\":[{\"@type\":\"Article\",\"@id\":\"https:\/\/manchesterproud.org\/es\/manchester-proud-incorpora-al-coordinador-de-comunicaciones-comunitarias\/#article\",\"isPartOf\":{\"@id\":\"https:\/\/manchesterproud.org\/es\/manchester-proud-incorpora-al-coordinador-de-comunicaciones-comunitarias\/\"},\"author\":{\"name\":\"Lauren Boisvert\",\"@id\":\"https:\/\/manchesterproud.org\/es\/#\/schema\/person\/f280030f121d45addfb512c2ffcb3b2f\"},\"headline\":\"Manchester Proud incorpora al coordinador de comunicaciones comunitarias\",\"datePublished\":\"2023-03-21T01:24:20+00:00\",\"dateModified\":\"2024-05-02T14:47:25+00:00\",\"mainEntityOfPage\":{\"@id\":\"https:\/\/manchesterproud.org\/es\/manchester-proud-incorpora-al-coordinador-de-comunicaciones-comunitarias\/\"},\"wordCount\":333,\"commentCount\":0,\"image\":{\"@id\":\"https:\/\/manchesterproud.org\/es\/manchester-proud-incorpora-al-coordinador-de-comunicaciones-comunitarias\/#primaryimage\"},\"thumbnailUrl\":\"https:\/\/manchesterproud.org\/wp-content\/uploads\/2024\/03\/blog-Default-ImageV2.jpg\",\"articleSection\":[\"Sin categorizar\"],\"inLanguage\":\"es\",\"potentialAction\":[{\"@type\":\"CommentAction\",\"name\":\"Comment\",\"target\":[\"https:\/\/manchesterproud.org\/es\/manchester-proud-incorpora-al-coordinador-de-comunicaciones-comunitarias\/#respond\"]}]},{\"@type\":\"WebPage\",\"@id\":\"https:\/\/manchesterproud.org\/es\/manchester-proud-incorpora-al-coordinador-de-comunicaciones-comunitarias\/\",\"url\":\"https:\/\/manchesterproud.org\/es\/manchester-proud-incorpora-al-coordinador-de-comunicaciones-comunitarias\/\",\"name\":\"Manchester Proud incorpora al coordinador de comunicaciones comunitarias - Manchester Proud\",\"isPartOf\":{\"@id\":\"https:\/\/manchesterproud.org\/es\/#website\"},\"primaryImageOfPage\":{\"@id\":\"https:\/\/manchesterproud.org\/es\/manchester-proud-incorpora-al-coordinador-de-comunicaciones-comunitarias\/#primaryimage\"},\"image\":{\"@id\":\"https:\/\/manchesterproud.org\/es\/manchester-proud-incorpora-al-coordinador-de-comunicaciones-comunitarias\/#primaryimage\"},\"thumbnailUrl\":\"https:\/\/manchesterproud.org\/wp-content\/uploads\/2024\/03\/blog-Default-ImageV2.jpg\",\"datePublished\":\"2023-03-21T01:24:20+00:00\",\"dateModified\":\"2024-05-02T14:47:25+00:00\",\"author\":{\"@id\":\"https:\/\/manchesterproud.org\/es\/#\/schema\/person\/f280030f121d45addfb512c2ffcb3b2f\"},\"breadcrumb\":{\"@id\":\"https:\/\/manchesterproud.org\/es\/manchester-proud-incorpora-al-coordinador-de-comunicaciones-comunitarias\/#breadcrumb\"},\"inLanguage\":\"es\",\"potentialAction\":[{\"@type\":\"ReadAction\",\"target\":[\"https:\/\/manchesterproud.org\/es\/manchester-proud-incorpora-al-coordinador-de-comunicaciones-comunitarias\/\"]}]},{\"@type\":\"ImageObject\",\"inLanguage\":\"es\",\"@id\":\"https:\/\/manchesterproud.org\/es\/manchester-proud-incorpora-al-coordinador-de-comunicaciones-comunitarias\/#primaryimage\",\"url\":\"https:\/\/manchesterproud.org\/wp-content\/uploads\/2024\/03\/blog-Default-ImageV2.jpg\",\"contentUrl\":\"https:\/\/manchesterproud.org\/wp-content\/uploads\/2024\/03\/blog-Default-ImageV2.jpg\",\"width\":936,\"height\":624},{\"@type\":\"BreadcrumbList\",\"@id\":\"https:\/\/manchesterproud.org\/es\/manchester-proud-incorpora-al-coordinador-de-comunicaciones-comunitarias\/#breadcrumb\",\"itemListElement\":[{\"@type\":\"ListItem\",\"position\":1,\"name\":\"Home\",\"item\":\"https:\/\/manchesterproud.org\/es\/hogar\/\"},{\"@type\":\"ListItem\",\"position\":2,\"name\":\"Manchester Proud incorpora al coordinador de comunicaciones comunitarias\"}]},{\"@type\":\"WebSite\",\"@id\":\"https:\/\/manchesterproud.org\/es\/#website\",\"url\":\"https:\/\/manchesterproud.org\/es\/\",\"name\":\"Manchester Proud\",\"description\":\"\",\"potentialAction\":[{\"@type\":\"SearchAction\",\"target\":{\"@type\":\"EntryPoint\",\"urlTemplate\":\"https:\/\/manchesterproud.org\/es\/?s={search_term_string}\"},\"query-input\":{\"@type\":\"PropertyValueSpecification\",\"valueRequired\":true,\"valueName\":\"search_term_string\"}}],\"inLanguage\":\"es\"},{\"@type\":\"Person\",\"@id\":\"https:\/\/manchesterproud.org\/es\/#\/schema\/person\/f280030f121d45addfb512c2ffcb3b2f\",\"name\":\"Lauren Boisvert\",\"image\":{\"@type\":\"ImageObject\",\"inLanguage\":\"es\",\"@id\":\"https:\/\/secure.gravatar.com\/avatar\/e720874d7d42034ec9c3702e1ce9d1430c1fe5502014d7bb33a980fe8b083202?s=96&d=mm&r=g\",\"url\":\"https:\/\/secure.gravatar.com\/avatar\/e720874d7d42034ec9c3702e1ce9d1430c1fe5502014d7bb33a980fe8b083202?s=96&d=mm&r=g\",\"contentUrl\":\"https:\/\/secure.gravatar.com\/avatar\/e720874d7d42034ec9c3702e1ce9d1430c1fe5502014d7bb33a980fe8b083202?s=96&d=mm&r=g\",\"caption\":\"Lauren Boisvert\"},\"url\":\"https:\/\/manchesterproud.org\/es\/author\/lauren\/\"}]}<\/script>\n<!-- \/ Yoast SEO Premium plugin. -->","yoast_head_json":{"title":"Manchester Proud incorpora al coordinador de comunicaciones comunitarias - Manchester Proud","robots":{"index":"index","follow":"follow","max-snippet":"max-snippet:-1","max-image-preview":"max-image-preview:large","max-video-preview":"max-video-preview:-1"},"canonical":"https:\/\/manchesterproud.org\/es\/manchester-proud-incorpora-al-coordinador-de-comunicaciones-comunitarias\/","og_locale":"es_ES","og_type":"article","og_title":"Manchester Proud incorpora al coordinador de comunicaciones comunitarias","og_description":"Manchester Proud (MP) anuncia la contrataci\u00f3n de una nueva coordinadora de comunicaciones comunitarias, Lauren Boisvert. La creaci\u00f3n del puesto de","og_url":"https:\/\/manchesterproud.org\/es\/manchester-proud-incorpora-al-coordinador-de-comunicaciones-comunitarias\/","og_site_name":"Manchester Proud","article_published_time":"2023-03-21T01:24:20+00:00","article_modified_time":"2024-05-02T14:47:25+00:00","og_image":[{"width":936,"height":624,"url":"https:\/\/manchesterproud.org\/wp-content\/uploads\/2024\/03\/blog-Default-ImageV2.jpg","type":"image\/jpeg"}],"author":"Lauren Boisvert","twitter_card":"summary_large_image","twitter_misc":{"Escrito por":"Lauren Boisvert","Tiempo de lectura":"2 minutos"},"schema":{"@context":"https:\/\/schema.org","@graph":[{"@type":"Article","@id":"https:\/\/manchesterproud.org\/es\/manchester-proud-incorpora-al-coordinador-de-comunicaciones-comunitarias\/#article","isPartOf":{"@id":"https:\/\/manchesterproud.org\/es\/manchester-proud-incorpora-al-coordinador-de-comunicaciones-comunitarias\/"},"author":{"name":"Lauren Boisvert","@id":"https:\/\/manchesterproud.org\/es\/#\/schema\/person\/f280030f121d45addfb512c2ffcb3b2f"},"headline":"Manchester Proud incorpora al coordinador de comunicaciones comunitarias","datePublished":"2023-03-21T01:24:20+00:00","dateModified":"2024-05-02T14:47:25+00:00","mainEntityOfPage":{"@id":"https:\/\/manchesterproud.org\/es\/manchester-proud-incorpora-al-coordinador-de-comunicaciones-comunitarias\/"},"wordCount":333,"commentCount":0,"image":{"@id":"https:\/\/manchesterproud.org\/es\/manchester-proud-incorpora-al-coordinador-de-comunicaciones-comunitarias\/#primaryimage"},"thumbnailUrl":"https:\/\/manchesterproud.org\/wp-content\/uploads\/2024\/03\/blog-Default-ImageV2.jpg","articleSection":["Sin categorizar"],"inLanguage":"es","potentialAction":[{"@type":"CommentAction","name":"Comment","target":["https:\/\/manchesterproud.org\/es\/manchester-proud-incorpora-al-coordinador-de-comunicaciones-comunitarias\/#respond"]}]},{"@type":"WebPage","@id":"https:\/\/manchesterproud.org\/es\/manchester-proud-incorpora-al-coordinador-de-comunicaciones-comunitarias\/","url":"https:\/\/manchesterproud.org\/es\/manchester-proud-incorpora-al-coordinador-de-comunicaciones-comunitarias\/","name":"Manchester Proud incorpora al coordinador de comunicaciones comunitarias - Manchester Proud","isPartOf":{"@id":"https:\/\/manchesterproud.org\/es\/#website"},"primaryImageOfPage":{"@id":"https:\/\/manchesterproud.org\/es\/manchester-proud-incorpora-al-coordinador-de-comunicaciones-comunitarias\/#primaryimage"},"image":{"@id":"https:\/\/manchesterproud.org\/es\/manchester-proud-incorpora-al-coordinador-de-comunicaciones-comunitarias\/#primaryimage"},"thumbnailUrl":"https:\/\/manchesterproud.org\/wp-content\/uploads\/2024\/03\/blog-Default-ImageV2.jpg","datePublished":"2023-03-21T01:24:20+00:00","dateModified":"2024-05-02T14:47:25+00:00","author":{"@id":"https:\/\/manchesterproud.org\/es\/#\/schema\/person\/f280030f121d45addfb512c2ffcb3b2f"},"breadcrumb":{"@id":"https:\/\/manchesterproud.org\/es\/manchester-proud-incorpora-al-coordinador-de-comunicaciones-comunitarias\/#breadcrumb"},"inLanguage":"es","potentialAction":[{"@type":"ReadAction","target":["https:\/\/manchesterproud.org\/es\/manchester-proud-incorpora-al-coordinador-de-comunicaciones-comunitarias\/"]}]},{"@type":"ImageObject","inLanguage":"es","@id":"https:\/\/manchesterproud.org\/es\/manchester-proud-incorpora-al-coordinador-de-comunicaciones-comunitarias\/#primaryimage","url":"https:\/\/manchesterproud.org\/wp-content\/uploads\/2024\/03\/blog-Default-ImageV2.jpg","contentUrl":"https:\/\/manchesterproud.org\/wp-content\/uploads\/2024\/03\/blog-Default-ImageV2.jpg","width":936,"height":624},{"@type":"BreadcrumbList","@id":"https:\/\/manchesterproud.org\/es\/manchester-proud-incorpora-al-coordinador-de-comunicaciones-comunitarias\/#breadcrumb","itemListElement":[{"@type":"ListItem","position":1,"name":"Home","item":"https:\/\/manchesterproud.org\/es\/hogar\/"},{"@type":"ListItem","position":2,"name":"Manchester Proud incorpora al coordinador de comunicaciones comunitarias"}]},{"@type":"WebSite","@id":"https:\/\/manchesterproud.org\/es\/#website","url":"https:\/\/manchesterproud.org\/es\/","name":"Manchester Proud","description":"","potentialAction":[{"@type":"SearchAction","target":{"@type":"EntryPoint","urlTemplate":"https:\/\/manchesterproud.org\/es\/?s={search_term_string}"},"query-input":{"@type":"PropertyValueSpecification","valueRequired":true,"valueName":"search_term_string"}}],"inLanguage":"es"},{"@type":"Person","@id":"https:\/\/manchesterproud.org\/es\/#\/schema\/person\/f280030f121d45addfb512c2ffcb3b2f","name":"Lauren Boisvert","image":{"@type":"ImageObject","inLanguage":"es","@id":"https:\/\/secure.gravatar.com\/avatar\/e720874d7d42034ec9c3702e1ce9d1430c1fe5502014d7bb33a980fe8b083202?s=96&d=mm&r=g","url":"https:\/\/secure.gravatar.com\/avatar\/e720874d7d42034ec9c3702e1ce9d1430c1fe5502014d7bb33a980fe8b083202?s=96&d=mm&r=g","contentUrl":"https:\/\/secure.gravatar.com\/avatar\/e720874d7d42034ec9c3702e1ce9d1430c1fe5502014d7bb33a980fe8b083202?s=96&d=mm&r=g","caption":"Lauren Boisvert"},"url":"https:\/\/manchesterproud.org\/es\/author\/lauren\/"}]}},"_links":{"self":[{"href":"https:\/\/manchesterproud.org\/es\/wp-json\/wp\/v2\/posts\/9951","targetHints":{"allow":["GET"]}}],"collection":[{"href":"https:\/\/manchesterproud.org\/es\/wp-json\/wp\/v2\/posts"}],"about":[{"href":"https:\/\/manchesterproud.org\/es\/wp-json\/wp\/v2\/types\/post"}],"author":[{"embeddable":true,"href":"https:\/\/manchesterproud.org\/es\/wp-json\/wp\/v2\/users\/4"}],"replies":[{"embeddable":true,"href":"https:\/\/manchesterproud.org\/es\/wp-json\/wp\/v2\/comments?post=9951"}],"version-history":[{"count":0,"href":"https:\/\/manchesterproud.org\/es\/wp-json\/wp\/v2\/posts\/9951\/revisions"}],"wp:featuredmedia":[{"embeddable":true,"href":"https:\/\/manchesterproud.org\/es\/wp-json\/wp\/v2\/media\/3021"}],"wp:attachment":[{"href":"https:\/\/manchesterproud.org\/es\/wp-json\/wp\/v2\/media?parent=9951"}],"wp:term":[{"taxonomy":"category","embeddable":true,"href":"https:\/\/manchesterproud.org\/es\/wp-json\/wp\/v2\/categories?post=9951"},{"taxonomy":"post_tag","embeddable":true,"href":"https:\/\/manchesterproud.org\/es\/wp-json\/wp\/v2\/tags?post=9951"}],"curies":[{"name":"wp","href":"https:\/\/api.w.org\/{rel}","templated":true}]}}