{"id":9878,"date":"2023-03-20T21:24:20","date_gmt":"2023-03-21T01:24:20","guid":{"rendered":"https:\/\/manchesterproud.org\/manchester-proud-recrute-un-coordinateur-des-communications-communautaires\/"},"modified":"2024-05-02T10:46:46","modified_gmt":"2024-05-02T14:46:46","slug":"manchester-proud-recrute-un-coordinateur-des-communications-communautaires","status":"publish","type":"post","link":"https:\/\/manchesterproud.org\/fr\/manchester-proud-recrute-un-coordinateur-des-communications-communautaires\/","title":{"rendered":"Manchester Proud recrute un coordinateur des communications communautaires"},"content":{"rendered":"\n<p>Manchester Proud (MP) annonce l&#8217;embauche d&rsquo;une nouvelle coordonnatrice des communications communautaires, Lauren Boisvert. La cr\u00e9ation du poste de coordonnateur des communications communautaires refl\u00e8te la d\u00e9termination de Manchester Proud \u00e0 promouvoir la compr\u00e9hension et \u00e0 renforcer l&rsquo;engagement de la communaut\u00e9 dans la cr\u00e9ation de grandes \u00e9coles publiques. Manchester Proud pourra d\u00e9sormais renforcer son partenariat de communication avec le district scolaire de Manchester, en partageant en temps opportun des nouvelles et des histoires sur les progr\u00e8s r\u00e9alis\u00e9s dans les \u00e9coles de notre ville.  <\/p>\n\n<p>\u00ab\u00a0Avoir Lauren dans notre \u00e9quipe nous permettra d\u00e9sormais de d\u00e9velopper une approche de communication plus inclusive et plus r\u00e9active. Notre objectif ultime est de cr\u00e9er un r\u00e9seau de communication \u00e0 l&rsquo;\u00e9chelle communautaire qui prend en charge la connectivit\u00e9 avec tous les \u00e9tudiants et familles de Manchester \u00bb, a d\u00e9clar\u00e9 Barry Brensinger, coordinateur de Manchester Proud.<\/p>\n\n<p>Lauren est une r\u00e9sidente locale de Manchester, NH, et dipl\u00f4m\u00e9e du district scolaire de Manchester. Elle apporte \u00e0 Manchester Proud (MP) son exp\u00e9rience en conception graphique et en \u00e9ducation. Lauren a commenc\u00e9 son travail au sein du district scolaire de Manchester en 2014 dans le cadre du programme School&rsquo;s Out (SOP) du Granite YMCA et a continu\u00e9 \u00e0 travers plusieurs autres fonctions. Lauren est ravie que son exp\u00e9rience l&rsquo;ait ramen\u00e9e dans le district.  <\/p>\n\n<p>\u00ab\u00a0Je suis honor\u00e9 de faire partie de la mission de Manchester Proud consistant \u00e0 aider \u00e0 soutenir les choses incroyables qui se produisent dans le district scolaire de Manchester.\u00a0\u00bb a d\u00e9clar\u00e9 Lauren : \u00ab En tant que dipl\u00f4m\u00e9e du district scolaire de Manchester, je crois fermement au travail effectu\u00e9 par le district et je suis ravie de contribuer \u00e0 amplifier et \u00e0 soutenir ce travail !<\/p>\n\n<p>Les responsabilit\u00e9s du coordonnateur de la communication communautaire comprendront la maintenance du site Web et des m\u00e9dias sociaux de Manchester Proud, l&rsquo;envoi de newsletters par courrier \u00e9lectronique, la reconnaissance des donateurs et des partenaires communautaires, le soutien aux relations avec les m\u00e9dias et la cr\u00e9ation de graphiques d&rsquo;\u00e9v\u00e9nements et de mat\u00e9riel promotionnel.<\/p>\n","protected":false},"excerpt":{"rendered":"<p>Manchester Proud (MP) annonce l&#8217;embauche d&rsquo;une nouvelle coordonnatrice des communications communautaires, Lauren Boisvert. La cr\u00e9ation du poste de coordonnateur des communications communautaires refl\u00e8te la d\u00e9termination de Manchester Proud \u00e0 promouvoir  <a href=\"https:\/\/manchesterproud.org\/fr\/manchester-proud-recrute-un-coordinateur-des-communications-communautaires\/\" rel=\"bookmark\" title=\"Manchester Proud recrute un coordinateur des communications communautaires\">[&hellip;]<\/a><\/p>\n","protected":false},"author":4,"featured_media":3021,"comment_status":"open","ping_status":"closed","sticky":false,"template":"","format":"standard","meta":{"_acf_changed":false,"_mo_disable_npp":"","footnotes":""},"categories":[107],"tags":[],"class_list":["post-9878","post","type-post","status-publish","format-standard","has-post-thumbnail","hentry","category-non-classifiee"],"acf":[],"yoast_head":"<!-- This site is optimized with the Yoast SEO Premium plugin v21.5 (Yoast SEO v27.2) - https:\/\/yoast.com\/product\/yoast-seo-premium-wordpress\/ -->\n<title>Manchester Proud recrute un coordinateur des communications communautaires - Manchester Proud<\/title>\n<meta name=\"robots\" content=\"index, follow, max-snippet:-1, max-image-preview:large, max-video-preview:-1\" \/>\n<link rel=\"canonical\" href=\"https:\/\/manchesterproud.org\/fr\/manchester-proud-recrute-un-coordinateur-des-communications-communautaires\/\" \/>\n<meta property=\"og:locale\" content=\"fr_FR\" \/>\n<meta property=\"og:type\" content=\"article\" \/>\n<meta property=\"og:title\" content=\"Manchester Proud recrute un coordinateur des communications communautaires\" \/>\n<meta property=\"og:description\" content=\"Manchester Proud (MP) annonce l&#039;embauche d&#039;une nouvelle coordonnatrice des communications communautaires, Lauren Boisvert. La cr\u00e9ation du poste de\" \/>\n<meta property=\"og:url\" content=\"https:\/\/manchesterproud.org\/fr\/manchester-proud-recrute-un-coordinateur-des-communications-communautaires\/\" \/>\n<meta property=\"og:site_name\" content=\"Manchester Proud\" \/>\n<meta property=\"article:published_time\" content=\"2023-03-21T01:24:20+00:00\" \/>\n<meta property=\"article:modified_time\" content=\"2024-05-02T14:46:46+00:00\" \/>\n<meta property=\"og:image\" content=\"https:\/\/manchesterproud.org\/wp-content\/uploads\/2024\/03\/blog-Default-ImageV2.jpg\" \/>\n\t<meta property=\"og:image:width\" content=\"936\" \/>\n\t<meta property=\"og:image:height\" content=\"624\" \/>\n\t<meta property=\"og:image:type\" content=\"image\/jpeg\" \/>\n<meta name=\"author\" content=\"Lauren Boisvert\" \/>\n<meta name=\"twitter:card\" content=\"summary_large_image\" \/>\n<meta name=\"twitter:label1\" content=\"\u00c9crit par\" \/>\n\t<meta name=\"twitter:data1\" content=\"Lauren Boisvert\" \/>\n\t<meta name=\"twitter:label2\" content=\"Dur\u00e9e de lecture estim\u00e9e\" \/>\n\t<meta name=\"twitter:data2\" content=\"2 minutes\" \/>\n<script type=\"application\/ld+json\" class=\"yoast-schema-graph\">{\"@context\":\"https:\/\/schema.org\",\"@graph\":[{\"@type\":\"Article\",\"@id\":\"https:\/\/manchesterproud.org\/fr\/manchester-proud-recrute-un-coordinateur-des-communications-communautaires\/#article\",\"isPartOf\":{\"@id\":\"https:\/\/manchesterproud.org\/fr\/manchester-proud-recrute-un-coordinateur-des-communications-communautaires\/\"},\"author\":{\"name\":\"Lauren Boisvert\",\"@id\":\"https:\/\/manchesterproud.org\/fr\/#\/schema\/person\/f280030f121d45addfb512c2ffcb3b2f\"},\"headline\":\"Manchester Proud recrute un coordinateur des communications communautaires\",\"datePublished\":\"2023-03-21T01:24:20+00:00\",\"dateModified\":\"2024-05-02T14:46:46+00:00\",\"mainEntityOfPage\":{\"@id\":\"https:\/\/manchesterproud.org\/fr\/manchester-proud-recrute-un-coordinateur-des-communications-communautaires\/\"},\"wordCount\":359,\"commentCount\":0,\"image\":{\"@id\":\"https:\/\/manchesterproud.org\/fr\/manchester-proud-recrute-un-coordinateur-des-communications-communautaires\/#primaryimage\"},\"thumbnailUrl\":\"https:\/\/manchesterproud.org\/wp-content\/uploads\/2024\/03\/blog-Default-ImageV2.jpg\",\"articleSection\":[\"Non classifi\u00e9(e)\"],\"inLanguage\":\"fr-FR\",\"potentialAction\":[{\"@type\":\"CommentAction\",\"name\":\"Comment\",\"target\":[\"https:\/\/manchesterproud.org\/fr\/manchester-proud-recrute-un-coordinateur-des-communications-communautaires\/#respond\"]}]},{\"@type\":\"WebPage\",\"@id\":\"https:\/\/manchesterproud.org\/fr\/manchester-proud-recrute-un-coordinateur-des-communications-communautaires\/\",\"url\":\"https:\/\/manchesterproud.org\/fr\/manchester-proud-recrute-un-coordinateur-des-communications-communautaires\/\",\"name\":\"Manchester Proud recrute un coordinateur des communications communautaires - Manchester Proud\",\"isPartOf\":{\"@id\":\"https:\/\/manchesterproud.org\/fr\/#website\"},\"primaryImageOfPage\":{\"@id\":\"https:\/\/manchesterproud.org\/fr\/manchester-proud-recrute-un-coordinateur-des-communications-communautaires\/#primaryimage\"},\"image\":{\"@id\":\"https:\/\/manchesterproud.org\/fr\/manchester-proud-recrute-un-coordinateur-des-communications-communautaires\/#primaryimage\"},\"thumbnailUrl\":\"https:\/\/manchesterproud.org\/wp-content\/uploads\/2024\/03\/blog-Default-ImageV2.jpg\",\"datePublished\":\"2023-03-21T01:24:20+00:00\",\"dateModified\":\"2024-05-02T14:46:46+00:00\",\"author\":{\"@id\":\"https:\/\/manchesterproud.org\/fr\/#\/schema\/person\/f280030f121d45addfb512c2ffcb3b2f\"},\"breadcrumb\":{\"@id\":\"https:\/\/manchesterproud.org\/fr\/manchester-proud-recrute-un-coordinateur-des-communications-communautaires\/#breadcrumb\"},\"inLanguage\":\"fr-FR\",\"potentialAction\":[{\"@type\":\"ReadAction\",\"target\":[\"https:\/\/manchesterproud.org\/fr\/manchester-proud-recrute-un-coordinateur-des-communications-communautaires\/\"]}]},{\"@type\":\"ImageObject\",\"inLanguage\":\"fr-FR\",\"@id\":\"https:\/\/manchesterproud.org\/fr\/manchester-proud-recrute-un-coordinateur-des-communications-communautaires\/#primaryimage\",\"url\":\"https:\/\/manchesterproud.org\/wp-content\/uploads\/2024\/03\/blog-Default-ImageV2.jpg\",\"contentUrl\":\"https:\/\/manchesterproud.org\/wp-content\/uploads\/2024\/03\/blog-Default-ImageV2.jpg\",\"width\":936,\"height\":624},{\"@type\":\"BreadcrumbList\",\"@id\":\"https:\/\/manchesterproud.org\/fr\/manchester-proud-recrute-un-coordinateur-des-communications-communautaires\/#breadcrumb\",\"itemListElement\":[{\"@type\":\"ListItem\",\"position\":1,\"name\":\"Home\",\"item\":\"https:\/\/manchesterproud.org\/fr\/maison\/\"},{\"@type\":\"ListItem\",\"position\":2,\"name\":\"Manchester Proud recrute un coordinateur des communications communautaires\"}]},{\"@type\":\"WebSite\",\"@id\":\"https:\/\/manchesterproud.org\/fr\/#website\",\"url\":\"https:\/\/manchesterproud.org\/fr\/\",\"name\":\"Manchester Proud\",\"description\":\"\",\"potentialAction\":[{\"@type\":\"SearchAction\",\"target\":{\"@type\":\"EntryPoint\",\"urlTemplate\":\"https:\/\/manchesterproud.org\/fr\/?s={search_term_string}\"},\"query-input\":{\"@type\":\"PropertyValueSpecification\",\"valueRequired\":true,\"valueName\":\"search_term_string\"}}],\"inLanguage\":\"fr-FR\"},{\"@type\":\"Person\",\"@id\":\"https:\/\/manchesterproud.org\/fr\/#\/schema\/person\/f280030f121d45addfb512c2ffcb3b2f\",\"name\":\"Lauren Boisvert\",\"image\":{\"@type\":\"ImageObject\",\"inLanguage\":\"fr-FR\",\"@id\":\"https:\/\/secure.gravatar.com\/avatar\/e720874d7d42034ec9c3702e1ce9d1430c1fe5502014d7bb33a980fe8b083202?s=96&d=mm&r=g\",\"url\":\"https:\/\/secure.gravatar.com\/avatar\/e720874d7d42034ec9c3702e1ce9d1430c1fe5502014d7bb33a980fe8b083202?s=96&d=mm&r=g\",\"contentUrl\":\"https:\/\/secure.gravatar.com\/avatar\/e720874d7d42034ec9c3702e1ce9d1430c1fe5502014d7bb33a980fe8b083202?s=96&d=mm&r=g\",\"caption\":\"Lauren Boisvert\"},\"url\":\"https:\/\/manchesterproud.org\/fr\/author\/lauren\/\"}]}<\/script>\n<!-- \/ Yoast SEO Premium plugin. -->","yoast_head_json":{"title":"Manchester Proud recrute un coordinateur des communications communautaires - Manchester Proud","robots":{"index":"index","follow":"follow","max-snippet":"max-snippet:-1","max-image-preview":"max-image-preview:large","max-video-preview":"max-video-preview:-1"},"canonical":"https:\/\/manchesterproud.org\/fr\/manchester-proud-recrute-un-coordinateur-des-communications-communautaires\/","og_locale":"fr_FR","og_type":"article","og_title":"Manchester Proud recrute un coordinateur des communications communautaires","og_description":"Manchester Proud (MP) annonce l'embauche d'une nouvelle coordonnatrice des communications communautaires, Lauren Boisvert. La cr\u00e9ation du poste de","og_url":"https:\/\/manchesterproud.org\/fr\/manchester-proud-recrute-un-coordinateur-des-communications-communautaires\/","og_site_name":"Manchester Proud","article_published_time":"2023-03-21T01:24:20+00:00","article_modified_time":"2024-05-02T14:46:46+00:00","og_image":[{"width":936,"height":624,"url":"https:\/\/manchesterproud.org\/wp-content\/uploads\/2024\/03\/blog-Default-ImageV2.jpg","type":"image\/jpeg"}],"author":"Lauren Boisvert","twitter_card":"summary_large_image","twitter_misc":{"\u00c9crit par":"Lauren Boisvert","Dur\u00e9e de lecture estim\u00e9e":"2 minutes"},"schema":{"@context":"https:\/\/schema.org","@graph":[{"@type":"Article","@id":"https:\/\/manchesterproud.org\/fr\/manchester-proud-recrute-un-coordinateur-des-communications-communautaires\/#article","isPartOf":{"@id":"https:\/\/manchesterproud.org\/fr\/manchester-proud-recrute-un-coordinateur-des-communications-communautaires\/"},"author":{"name":"Lauren Boisvert","@id":"https:\/\/manchesterproud.org\/fr\/#\/schema\/person\/f280030f121d45addfb512c2ffcb3b2f"},"headline":"Manchester Proud recrute un coordinateur des communications communautaires","datePublished":"2023-03-21T01:24:20+00:00","dateModified":"2024-05-02T14:46:46+00:00","mainEntityOfPage":{"@id":"https:\/\/manchesterproud.org\/fr\/manchester-proud-recrute-un-coordinateur-des-communications-communautaires\/"},"wordCount":359,"commentCount":0,"image":{"@id":"https:\/\/manchesterproud.org\/fr\/manchester-proud-recrute-un-coordinateur-des-communications-communautaires\/#primaryimage"},"thumbnailUrl":"https:\/\/manchesterproud.org\/wp-content\/uploads\/2024\/03\/blog-Default-ImageV2.jpg","articleSection":["Non classifi\u00e9(e)"],"inLanguage":"fr-FR","potentialAction":[{"@type":"CommentAction","name":"Comment","target":["https:\/\/manchesterproud.org\/fr\/manchester-proud-recrute-un-coordinateur-des-communications-communautaires\/#respond"]}]},{"@type":"WebPage","@id":"https:\/\/manchesterproud.org\/fr\/manchester-proud-recrute-un-coordinateur-des-communications-communautaires\/","url":"https:\/\/manchesterproud.org\/fr\/manchester-proud-recrute-un-coordinateur-des-communications-communautaires\/","name":"Manchester Proud recrute un coordinateur des communications communautaires - Manchester Proud","isPartOf":{"@id":"https:\/\/manchesterproud.org\/fr\/#website"},"primaryImageOfPage":{"@id":"https:\/\/manchesterproud.org\/fr\/manchester-proud-recrute-un-coordinateur-des-communications-communautaires\/#primaryimage"},"image":{"@id":"https:\/\/manchesterproud.org\/fr\/manchester-proud-recrute-un-coordinateur-des-communications-communautaires\/#primaryimage"},"thumbnailUrl":"https:\/\/manchesterproud.org\/wp-content\/uploads\/2024\/03\/blog-Default-ImageV2.jpg","datePublished":"2023-03-21T01:24:20+00:00","dateModified":"2024-05-02T14:46:46+00:00","author":{"@id":"https:\/\/manchesterproud.org\/fr\/#\/schema\/person\/f280030f121d45addfb512c2ffcb3b2f"},"breadcrumb":{"@id":"https:\/\/manchesterproud.org\/fr\/manchester-proud-recrute-un-coordinateur-des-communications-communautaires\/#breadcrumb"},"inLanguage":"fr-FR","potentialAction":[{"@type":"ReadAction","target":["https:\/\/manchesterproud.org\/fr\/manchester-proud-recrute-un-coordinateur-des-communications-communautaires\/"]}]},{"@type":"ImageObject","inLanguage":"fr-FR","@id":"https:\/\/manchesterproud.org\/fr\/manchester-proud-recrute-un-coordinateur-des-communications-communautaires\/#primaryimage","url":"https:\/\/manchesterproud.org\/wp-content\/uploads\/2024\/03\/blog-Default-ImageV2.jpg","contentUrl":"https:\/\/manchesterproud.org\/wp-content\/uploads\/2024\/03\/blog-Default-ImageV2.jpg","width":936,"height":624},{"@type":"BreadcrumbList","@id":"https:\/\/manchesterproud.org\/fr\/manchester-proud-recrute-un-coordinateur-des-communications-communautaires\/#breadcrumb","itemListElement":[{"@type":"ListItem","position":1,"name":"Home","item":"https:\/\/manchesterproud.org\/fr\/maison\/"},{"@type":"ListItem","position":2,"name":"Manchester Proud recrute un coordinateur des communications communautaires"}]},{"@type":"WebSite","@id":"https:\/\/manchesterproud.org\/fr\/#website","url":"https:\/\/manchesterproud.org\/fr\/","name":"Manchester Proud","description":"","potentialAction":[{"@type":"SearchAction","target":{"@type":"EntryPoint","urlTemplate":"https:\/\/manchesterproud.org\/fr\/?s={search_term_string}"},"query-input":{"@type":"PropertyValueSpecification","valueRequired":true,"valueName":"search_term_string"}}],"inLanguage":"fr-FR"},{"@type":"Person","@id":"https:\/\/manchesterproud.org\/fr\/#\/schema\/person\/f280030f121d45addfb512c2ffcb3b2f","name":"Lauren Boisvert","image":{"@type":"ImageObject","inLanguage":"fr-FR","@id":"https:\/\/secure.gravatar.com\/avatar\/e720874d7d42034ec9c3702e1ce9d1430c1fe5502014d7bb33a980fe8b083202?s=96&d=mm&r=g","url":"https:\/\/secure.gravatar.com\/avatar\/e720874d7d42034ec9c3702e1ce9d1430c1fe5502014d7bb33a980fe8b083202?s=96&d=mm&r=g","contentUrl":"https:\/\/secure.gravatar.com\/avatar\/e720874d7d42034ec9c3702e1ce9d1430c1fe5502014d7bb33a980fe8b083202?s=96&d=mm&r=g","caption":"Lauren Boisvert"},"url":"https:\/\/manchesterproud.org\/fr\/author\/lauren\/"}]}},"_links":{"self":[{"href":"https:\/\/manchesterproud.org\/fr\/wp-json\/wp\/v2\/posts\/9878","targetHints":{"allow":["GET"]}}],"collection":[{"href":"https:\/\/manchesterproud.org\/fr\/wp-json\/wp\/v2\/posts"}],"about":[{"href":"https:\/\/manchesterproud.org\/fr\/wp-json\/wp\/v2\/types\/post"}],"author":[{"embeddable":true,"href":"https:\/\/manchesterproud.org\/fr\/wp-json\/wp\/v2\/users\/4"}],"replies":[{"embeddable":true,"href":"https:\/\/manchesterproud.org\/fr\/wp-json\/wp\/v2\/comments?post=9878"}],"version-history":[{"count":0,"href":"https:\/\/manchesterproud.org\/fr\/wp-json\/wp\/v2\/posts\/9878\/revisions"}],"wp:featuredmedia":[{"embeddable":true,"href":"https:\/\/manchesterproud.org\/fr\/wp-json\/wp\/v2\/media\/3021"}],"wp:attachment":[{"href":"https:\/\/manchesterproud.org\/fr\/wp-json\/wp\/v2\/media?parent=9878"}],"wp:term":[{"taxonomy":"category","embeddable":true,"href":"https:\/\/manchesterproud.org\/fr\/wp-json\/wp\/v2\/categories?post=9878"},{"taxonomy":"post_tag","embeddable":true,"href":"https:\/\/manchesterproud.org\/fr\/wp-json\/wp\/v2\/tags?post=9878"}],"curies":[{"name":"wp","href":"https:\/\/api.w.org\/{rel}","templated":true}]}}