{"id":9906,"date":"2023-06-29T21:16:00","date_gmt":"2023-06-30T01:16:00","guid":{"rendered":"https:\/\/manchesterproud.org\/planification-de-la-succession-de-manchester-fier\/"},"modified":"2024-05-02T10:47:38","modified_gmt":"2024-05-02T14:47:38","slug":"planification-de-la-succession-de-manchester-fier","status":"publish","type":"post","link":"https:\/\/manchesterproud.org\/fr\/planification-de-la-succession-de-manchester-fier\/","title":{"rendered":"Planification de la succession de Manchester Fier"},"content":{"rendered":"\n<p>Chers amis de Manchester fiers\u00a0:<\/p>\n\n<p>Pr\u00e8s de six ans apr\u00e8s le d\u00e9but de notre travail, le moment est venu de faire le point sur les r\u00e9alisations de Manchester Proud et, comme notre nom l&rsquo;indique, de partager une certaine fiert\u00e9 quant aux impacts positifs de notre partenariat avec le district scolaire de Manchester. Le plan strat\u00e9gique du district, pilot\u00e9 par la communaut\u00e9 et facilit\u00e9 par Manchester Proud, est d\u00e9sormais int\u00e9gr\u00e9 aux programmes et op\u00e9rations quotidiens de nos \u00e9coles, fournissant le sens du but et l&rsquo;orientation cibl\u00e9e n\u00e9cessaires au progr\u00e8s durable. Et depuis l&rsquo;adoption du plan, Manchester Proud et le district ont renforc\u00e9 leur partenariat, travaillant ensemble pour cr\u00e9er des opportunit\u00e9s pour nos \u00e9l\u00e8ves, optimiser les ressources des \u00e9coles communautaires et renforcer l&rsquo;engagement communautaire.  <\/p>\n\n<p>Parall\u00e8lement, tout en travaillant avec nos partenaires, nous avons \u00e9galement renforc\u00e9 nos propres capacit\u00e9s internes pour un succ\u00e8s toujours plus grand. Notre Conseil a soigneusement peaufin\u00e9 notre mod\u00e8le organisationnel pour faire entendre davantage de voix dans l\u2019\u00e9laboration de nos strat\u00e9gies et initiatives. Nous avons recrut\u00e9 du personnel cl\u00e9, lorsque cela \u00e9tait n\u00e9cessaire, pour renforcer notre travail essentiel dans les partenariats \u00e9cole-communaut\u00e9 et les communications communautaires. Et nous int\u00e9grons actuellement dix nouveaux membres du Conseil des champions pour am\u00e9liorer les comp\u00e9tences, les connaissances et la repr\u00e9sentation de notre communaut\u00e9 en tant que dirigeants.<\/p>\n\n<p>L&rsquo;engagement d\u00e9montr\u00e9 de Manchester Proud envers la r\u00e9ussite de nos \u00e9l\u00e8ves et de nos \u00e9coles, associ\u00e9 \u00e0 la force croissante de notre \u00e9quipe, en font le moment id\u00e9al pour planifier notre avenir. \u00c0 cette fin, notre Conseil pr\u00e9pare ses propres s\u00e9ances de planification strat\u00e9gique pour cet automne. Ils \u00e9valueront l&rsquo;efficacit\u00e9 de notre travail actuel et exploreront les opportunit\u00e9s les plus prometteuses pour de futurs partenariats avec la communaut\u00e9 et le district.<\/p>\n\n<p>\u00c0 un niveau plus personnel, j&rsquo;ai fait prendre conscience au Conseil que, m\u00eame si ce travail restera toujours important pour moi, un plan de succession est n\u00e9cessaire pour assurer la continuit\u00e9 du leadership et de la gestion quotidienne de Manchester Proud. Apr\u00e8s de m\u00fbres d\u00e9lib\u00e9rations, le Conseil a vot\u00e9 en faveur de la recherche d&rsquo;un coordonnateur \u00e0 temps partiel. Une fois \u00e0 bord, notre nouveau coordonnateur assumera bon nombre de mes responsabilit\u00e9s, tandis que d&rsquo;autres seront affect\u00e9es \u00e0 notre fabuleux personnel ou \u00e0 la direction du Conseil. Tout cela se d\u00e9roulera sur plusieurs mois pour assurer une transition en douceur, apr\u00e8s quoi je resterai membre du Conseil et engag\u00e9 dans nos groupes de travail.  <\/p>\n\n<p>Il est \u00e0 noter que Manchester Proud reste d\u00e9termin\u00e9 \u00e0 pr\u00e9server nos traditions de volontariat et d&rsquo;optimisation des ressources. Suite \u00e0 l&#8217;embauche de notre coordinateur \u00e0 temps partiel, l&rsquo;\u00e9quipe de Manchester Proud ne sera compos\u00e9e que de deux employ\u00e9s \u00e9quivalents temps plein, soutenant le bon travail de plusieurs centaines de b\u00e9n\u00e9voles d\u00e9vou\u00e9s !<\/p>\n\n<p>Merci d&rsquo;avoir rendu tout cela possible. Ensemble, nous continuons d&rsquo;avancer vers notre objectif d&rsquo;\u00e9coles publiques exceptionnelles pour tous les habitants de Manchester\u00a0!<\/p>\n\n<p>Sinc\u00e8rement votre,<\/p>\n\n<p>Barry Brensinger, coordinateur de Manchester Proud<\/p>\n","protected":false},"excerpt":{"rendered":"<p>Chers amis de Manchester fiers\u00a0: Pr\u00e8s de six ans apr\u00e8s le d\u00e9but de notre travail, le moment est venu de faire le point sur les r\u00e9alisations de Manchester Proud et,  <a href=\"https:\/\/manchesterproud.org\/fr\/planification-de-la-succession-de-manchester-fier\/\" rel=\"bookmark\" title=\"Planification de la succession de Manchester Fier\">[&hellip;]<\/a><\/p>\n","protected":false},"author":4,"featured_media":3021,"comment_status":"open","ping_status":"closed","sticky":false,"template":"","format":"standard","meta":{"_acf_changed":false,"_mo_disable_npp":"","footnotes":""},"categories":[107],"tags":[],"class_list":["post-9906","post","type-post","status-publish","format-standard","has-post-thumbnail","hentry","category-non-classifiee"],"acf":[],"yoast_head":"<!-- This site is optimized with the Yoast SEO Premium plugin v21.5 (Yoast SEO v27.2) - https:\/\/yoast.com\/product\/yoast-seo-premium-wordpress\/ -->\n<title>Planification de la succession de Manchester Fier - Manchester Proud<\/title>\n<meta name=\"robots\" content=\"index, follow, max-snippet:-1, max-image-preview:large, max-video-preview:-1\" \/>\n<link rel=\"canonical\" href=\"https:\/\/manchesterproud.org\/fr\/planification-de-la-succession-de-manchester-fier\/\" \/>\n<meta property=\"og:locale\" content=\"fr_FR\" \/>\n<meta property=\"og:type\" content=\"article\" \/>\n<meta property=\"og:title\" content=\"Planification de la succession de Manchester Fier\" \/>\n<meta property=\"og:description\" content=\"Chers amis de Manchester fiers\u00a0: Pr\u00e8s de six ans apr\u00e8s le d\u00e9but de notre travail, le moment est venu de faire le point sur les r\u00e9alisations de Manchester\" \/>\n<meta property=\"og:url\" content=\"https:\/\/manchesterproud.org\/fr\/planification-de-la-succession-de-manchester-fier\/\" \/>\n<meta property=\"og:site_name\" content=\"Manchester Proud\" \/>\n<meta property=\"article:published_time\" content=\"2023-06-30T01:16:00+00:00\" \/>\n<meta property=\"article:modified_time\" content=\"2024-05-02T14:47:38+00:00\" \/>\n<meta property=\"og:image\" content=\"https:\/\/manchesterproud.org\/wp-content\/uploads\/2024\/03\/blog-Default-ImageV2.jpg\" \/>\n\t<meta property=\"og:image:width\" content=\"936\" \/>\n\t<meta property=\"og:image:height\" content=\"624\" \/>\n\t<meta property=\"og:image:type\" content=\"image\/jpeg\" \/>\n<meta name=\"author\" content=\"Lauren Boisvert\" \/>\n<meta name=\"twitter:card\" content=\"summary_large_image\" \/>\n<meta name=\"twitter:label1\" content=\"\u00c9crit par\" \/>\n\t<meta name=\"twitter:data1\" content=\"Lauren Boisvert\" \/>\n\t<meta name=\"twitter:label2\" content=\"Dur\u00e9e de lecture estim\u00e9e\" \/>\n\t<meta name=\"twitter:data2\" content=\"3 minutes\" \/>\n<script type=\"application\/ld+json\" class=\"yoast-schema-graph\">{\"@context\":\"https:\/\/schema.org\",\"@graph\":[{\"@type\":\"Article\",\"@id\":\"https:\/\/manchesterproud.org\/fr\/planification-de-la-succession-de-manchester-fier\/#article\",\"isPartOf\":{\"@id\":\"https:\/\/manchesterproud.org\/fr\/planification-de-la-succession-de-manchester-fier\/\"},\"author\":{\"name\":\"Lauren Boisvert\",\"@id\":\"https:\/\/manchesterproud.org\/fr\/#\/schema\/person\/f280030f121d45addfb512c2ffcb3b2f\"},\"headline\":\"Planification de la succession de Manchester Fier\",\"datePublished\":\"2023-06-30T01:16:00+00:00\",\"dateModified\":\"2024-05-02T14:47:38+00:00\",\"mainEntityOfPage\":{\"@id\":\"https:\/\/manchesterproud.org\/fr\/planification-de-la-succession-de-manchester-fier\/\"},\"wordCount\":544,\"commentCount\":0,\"image\":{\"@id\":\"https:\/\/manchesterproud.org\/fr\/planification-de-la-succession-de-manchester-fier\/#primaryimage\"},\"thumbnailUrl\":\"https:\/\/manchesterproud.org\/wp-content\/uploads\/2024\/03\/blog-Default-ImageV2.jpg\",\"articleSection\":[\"Non classifi\u00e9(e)\"],\"inLanguage\":\"fr-FR\",\"potentialAction\":[{\"@type\":\"CommentAction\",\"name\":\"Comment\",\"target\":[\"https:\/\/manchesterproud.org\/fr\/planification-de-la-succession-de-manchester-fier\/#respond\"]}]},{\"@type\":\"WebPage\",\"@id\":\"https:\/\/manchesterproud.org\/fr\/planification-de-la-succession-de-manchester-fier\/\",\"url\":\"https:\/\/manchesterproud.org\/fr\/planification-de-la-succession-de-manchester-fier\/\",\"name\":\"Planification de la succession de Manchester Fier - Manchester Proud\",\"isPartOf\":{\"@id\":\"https:\/\/manchesterproud.org\/fr\/#website\"},\"primaryImageOfPage\":{\"@id\":\"https:\/\/manchesterproud.org\/fr\/planification-de-la-succession-de-manchester-fier\/#primaryimage\"},\"image\":{\"@id\":\"https:\/\/manchesterproud.org\/fr\/planification-de-la-succession-de-manchester-fier\/#primaryimage\"},\"thumbnailUrl\":\"https:\/\/manchesterproud.org\/wp-content\/uploads\/2024\/03\/blog-Default-ImageV2.jpg\",\"datePublished\":\"2023-06-30T01:16:00+00:00\",\"dateModified\":\"2024-05-02T14:47:38+00:00\",\"author\":{\"@id\":\"https:\/\/manchesterproud.org\/fr\/#\/schema\/person\/f280030f121d45addfb512c2ffcb3b2f\"},\"breadcrumb\":{\"@id\":\"https:\/\/manchesterproud.org\/fr\/planification-de-la-succession-de-manchester-fier\/#breadcrumb\"},\"inLanguage\":\"fr-FR\",\"potentialAction\":[{\"@type\":\"ReadAction\",\"target\":[\"https:\/\/manchesterproud.org\/fr\/planification-de-la-succession-de-manchester-fier\/\"]}]},{\"@type\":\"ImageObject\",\"inLanguage\":\"fr-FR\",\"@id\":\"https:\/\/manchesterproud.org\/fr\/planification-de-la-succession-de-manchester-fier\/#primaryimage\",\"url\":\"https:\/\/manchesterproud.org\/wp-content\/uploads\/2024\/03\/blog-Default-ImageV2.jpg\",\"contentUrl\":\"https:\/\/manchesterproud.org\/wp-content\/uploads\/2024\/03\/blog-Default-ImageV2.jpg\",\"width\":936,\"height\":624},{\"@type\":\"BreadcrumbList\",\"@id\":\"https:\/\/manchesterproud.org\/fr\/planification-de-la-succession-de-manchester-fier\/#breadcrumb\",\"itemListElement\":[{\"@type\":\"ListItem\",\"position\":1,\"name\":\"Home\",\"item\":\"https:\/\/manchesterproud.org\/fr\/maison\/\"},{\"@type\":\"ListItem\",\"position\":2,\"name\":\"Planification de la succession de Manchester Fier\"}]},{\"@type\":\"WebSite\",\"@id\":\"https:\/\/manchesterproud.org\/fr\/#website\",\"url\":\"https:\/\/manchesterproud.org\/fr\/\",\"name\":\"Manchester Proud\",\"description\":\"\",\"potentialAction\":[{\"@type\":\"SearchAction\",\"target\":{\"@type\":\"EntryPoint\",\"urlTemplate\":\"https:\/\/manchesterproud.org\/fr\/?s={search_term_string}\"},\"query-input\":{\"@type\":\"PropertyValueSpecification\",\"valueRequired\":true,\"valueName\":\"search_term_string\"}}],\"inLanguage\":\"fr-FR\"},{\"@type\":\"Person\",\"@id\":\"https:\/\/manchesterproud.org\/fr\/#\/schema\/person\/f280030f121d45addfb512c2ffcb3b2f\",\"name\":\"Lauren Boisvert\",\"image\":{\"@type\":\"ImageObject\",\"inLanguage\":\"fr-FR\",\"@id\":\"https:\/\/secure.gravatar.com\/avatar\/e720874d7d42034ec9c3702e1ce9d1430c1fe5502014d7bb33a980fe8b083202?s=96&d=mm&r=g\",\"url\":\"https:\/\/secure.gravatar.com\/avatar\/e720874d7d42034ec9c3702e1ce9d1430c1fe5502014d7bb33a980fe8b083202?s=96&d=mm&r=g\",\"contentUrl\":\"https:\/\/secure.gravatar.com\/avatar\/e720874d7d42034ec9c3702e1ce9d1430c1fe5502014d7bb33a980fe8b083202?s=96&d=mm&r=g\",\"caption\":\"Lauren Boisvert\"},\"url\":\"https:\/\/manchesterproud.org\/fr\/author\/lauren\/\"}]}<\/script>\n<!-- \/ Yoast SEO Premium plugin. -->","yoast_head_json":{"title":"Planification de la succession de Manchester Fier - Manchester Proud","robots":{"index":"index","follow":"follow","max-snippet":"max-snippet:-1","max-image-preview":"max-image-preview:large","max-video-preview":"max-video-preview:-1"},"canonical":"https:\/\/manchesterproud.org\/fr\/planification-de-la-succession-de-manchester-fier\/","og_locale":"fr_FR","og_type":"article","og_title":"Planification de la succession de Manchester Fier","og_description":"Chers amis de Manchester fiers\u00a0: Pr\u00e8s de six ans apr\u00e8s le d\u00e9but de notre travail, le moment est venu de faire le point sur les r\u00e9alisations de Manchester","og_url":"https:\/\/manchesterproud.org\/fr\/planification-de-la-succession-de-manchester-fier\/","og_site_name":"Manchester Proud","article_published_time":"2023-06-30T01:16:00+00:00","article_modified_time":"2024-05-02T14:47:38+00:00","og_image":[{"width":936,"height":624,"url":"https:\/\/manchesterproud.org\/wp-content\/uploads\/2024\/03\/blog-Default-ImageV2.jpg","type":"image\/jpeg"}],"author":"Lauren Boisvert","twitter_card":"summary_large_image","twitter_misc":{"\u00c9crit par":"Lauren Boisvert","Dur\u00e9e de lecture estim\u00e9e":"3 minutes"},"schema":{"@context":"https:\/\/schema.org","@graph":[{"@type":"Article","@id":"https:\/\/manchesterproud.org\/fr\/planification-de-la-succession-de-manchester-fier\/#article","isPartOf":{"@id":"https:\/\/manchesterproud.org\/fr\/planification-de-la-succession-de-manchester-fier\/"},"author":{"name":"Lauren Boisvert","@id":"https:\/\/manchesterproud.org\/fr\/#\/schema\/person\/f280030f121d45addfb512c2ffcb3b2f"},"headline":"Planification de la succession de Manchester Fier","datePublished":"2023-06-30T01:16:00+00:00","dateModified":"2024-05-02T14:47:38+00:00","mainEntityOfPage":{"@id":"https:\/\/manchesterproud.org\/fr\/planification-de-la-succession-de-manchester-fier\/"},"wordCount":544,"commentCount":0,"image":{"@id":"https:\/\/manchesterproud.org\/fr\/planification-de-la-succession-de-manchester-fier\/#primaryimage"},"thumbnailUrl":"https:\/\/manchesterproud.org\/wp-content\/uploads\/2024\/03\/blog-Default-ImageV2.jpg","articleSection":["Non classifi\u00e9(e)"],"inLanguage":"fr-FR","potentialAction":[{"@type":"CommentAction","name":"Comment","target":["https:\/\/manchesterproud.org\/fr\/planification-de-la-succession-de-manchester-fier\/#respond"]}]},{"@type":"WebPage","@id":"https:\/\/manchesterproud.org\/fr\/planification-de-la-succession-de-manchester-fier\/","url":"https:\/\/manchesterproud.org\/fr\/planification-de-la-succession-de-manchester-fier\/","name":"Planification de la succession de Manchester Fier - Manchester Proud","isPartOf":{"@id":"https:\/\/manchesterproud.org\/fr\/#website"},"primaryImageOfPage":{"@id":"https:\/\/manchesterproud.org\/fr\/planification-de-la-succession-de-manchester-fier\/#primaryimage"},"image":{"@id":"https:\/\/manchesterproud.org\/fr\/planification-de-la-succession-de-manchester-fier\/#primaryimage"},"thumbnailUrl":"https:\/\/manchesterproud.org\/wp-content\/uploads\/2024\/03\/blog-Default-ImageV2.jpg","datePublished":"2023-06-30T01:16:00+00:00","dateModified":"2024-05-02T14:47:38+00:00","author":{"@id":"https:\/\/manchesterproud.org\/fr\/#\/schema\/person\/f280030f121d45addfb512c2ffcb3b2f"},"breadcrumb":{"@id":"https:\/\/manchesterproud.org\/fr\/planification-de-la-succession-de-manchester-fier\/#breadcrumb"},"inLanguage":"fr-FR","potentialAction":[{"@type":"ReadAction","target":["https:\/\/manchesterproud.org\/fr\/planification-de-la-succession-de-manchester-fier\/"]}]},{"@type":"ImageObject","inLanguage":"fr-FR","@id":"https:\/\/manchesterproud.org\/fr\/planification-de-la-succession-de-manchester-fier\/#primaryimage","url":"https:\/\/manchesterproud.org\/wp-content\/uploads\/2024\/03\/blog-Default-ImageV2.jpg","contentUrl":"https:\/\/manchesterproud.org\/wp-content\/uploads\/2024\/03\/blog-Default-ImageV2.jpg","width":936,"height":624},{"@type":"BreadcrumbList","@id":"https:\/\/manchesterproud.org\/fr\/planification-de-la-succession-de-manchester-fier\/#breadcrumb","itemListElement":[{"@type":"ListItem","position":1,"name":"Home","item":"https:\/\/manchesterproud.org\/fr\/maison\/"},{"@type":"ListItem","position":2,"name":"Planification de la succession de Manchester Fier"}]},{"@type":"WebSite","@id":"https:\/\/manchesterproud.org\/fr\/#website","url":"https:\/\/manchesterproud.org\/fr\/","name":"Manchester Proud","description":"","potentialAction":[{"@type":"SearchAction","target":{"@type":"EntryPoint","urlTemplate":"https:\/\/manchesterproud.org\/fr\/?s={search_term_string}"},"query-input":{"@type":"PropertyValueSpecification","valueRequired":true,"valueName":"search_term_string"}}],"inLanguage":"fr-FR"},{"@type":"Person","@id":"https:\/\/manchesterproud.org\/fr\/#\/schema\/person\/f280030f121d45addfb512c2ffcb3b2f","name":"Lauren Boisvert","image":{"@type":"ImageObject","inLanguage":"fr-FR","@id":"https:\/\/secure.gravatar.com\/avatar\/e720874d7d42034ec9c3702e1ce9d1430c1fe5502014d7bb33a980fe8b083202?s=96&d=mm&r=g","url":"https:\/\/secure.gravatar.com\/avatar\/e720874d7d42034ec9c3702e1ce9d1430c1fe5502014d7bb33a980fe8b083202?s=96&d=mm&r=g","contentUrl":"https:\/\/secure.gravatar.com\/avatar\/e720874d7d42034ec9c3702e1ce9d1430c1fe5502014d7bb33a980fe8b083202?s=96&d=mm&r=g","caption":"Lauren Boisvert"},"url":"https:\/\/manchesterproud.org\/fr\/author\/lauren\/"}]}},"_links":{"self":[{"href":"https:\/\/manchesterproud.org\/fr\/wp-json\/wp\/v2\/posts\/9906","targetHints":{"allow":["GET"]}}],"collection":[{"href":"https:\/\/manchesterproud.org\/fr\/wp-json\/wp\/v2\/posts"}],"about":[{"href":"https:\/\/manchesterproud.org\/fr\/wp-json\/wp\/v2\/types\/post"}],"author":[{"embeddable":true,"href":"https:\/\/manchesterproud.org\/fr\/wp-json\/wp\/v2\/users\/4"}],"replies":[{"embeddable":true,"href":"https:\/\/manchesterproud.org\/fr\/wp-json\/wp\/v2\/comments?post=9906"}],"version-history":[{"count":0,"href":"https:\/\/manchesterproud.org\/fr\/wp-json\/wp\/v2\/posts\/9906\/revisions"}],"wp:featuredmedia":[{"embeddable":true,"href":"https:\/\/manchesterproud.org\/fr\/wp-json\/wp\/v2\/media\/3021"}],"wp:attachment":[{"href":"https:\/\/manchesterproud.org\/fr\/wp-json\/wp\/v2\/media?parent=9906"}],"wp:term":[{"taxonomy":"category","embeddable":true,"href":"https:\/\/manchesterproud.org\/fr\/wp-json\/wp\/v2\/categories?post=9906"},{"taxonomy":"post_tag","embeddable":true,"href":"https:\/\/manchesterproud.org\/fr\/wp-json\/wp\/v2\/tags?post=9906"}],"curies":[{"name":"wp","href":"https:\/\/api.w.org\/{rel}","templated":true}]}}