{"id":9928,"date":"2023-05-24T21:17:52","date_gmt":"2023-05-25T01:17:52","guid":{"rendered":"https:\/\/manchesterproud.org\/ici-aujourdhui-ici-demain\/"},"modified":"2024-05-02T10:47:25","modified_gmt":"2024-05-02T14:47:25","slug":"ici-aujourdhui-ici-demain","status":"publish","type":"post","link":"https:\/\/manchesterproud.org\/fr\/ici-aujourdhui-ici-demain\/","title":{"rendered":"Ici aujourd&rsquo;hui, ici demain"},"content":{"rendered":"\n<p>Ce qui a commenc\u00e9 en 2017 par une r\u00e9flexion sur la mani\u00e8re de mieux impliquer la communaut\u00e9 dans nos \u00e9coles publiques a conduit \u00e0 un plan strat\u00e9gique ax\u00e9 sur la communaut\u00e9 et \u00e0 une multitude de partenariats communautaires habilitants. L&rsquo;objectif principal de Manchester Proud, qui est de faciliter le changement syst\u00e9mique, a donn\u00e9 lieu \u00e0 des progr\u00e8s consid\u00e9rables, m\u00eame s&rsquo;il reste beaucoup \u00e0 faire.<\/p>\n\n<p>Parall\u00e8lement, tout en poursuivant notre mission et en soutenant nos partenaires du district scolaire de Manchester, nous avons \u00e9galement renforc\u00e9 notre propre capacit\u00e9 \u00e0 r\u00e9ussir de mani\u00e8re continue et future. Pour garantir que nos efforts sont toujours pertinents et efficaces\u00a0: notre mod\u00e8le de conseil et de groupe de travail, structur\u00e9 de mani\u00e8re unique pour promouvoir le b\u00e9n\u00e9volat, a \u00e9t\u00e9 renforc\u00e9 pour utiliser plus efficacement les talents, les exp\u00e9riences et les ressources de nos g\u00e9n\u00e9reux donateurs\u00a0; Nous avons recrut\u00e9 du personnel cl\u00e9 (1,5 postes r\u00e9mun\u00e9r\u00e9s), l\u00e0 o\u00f9 c&rsquo;\u00e9tait n\u00e9cessaire, pour renforcer notre travail essentiel dans les partenariats \u00e9cole-communaut\u00e9 et les communications communautaires\u00a0; Et nous recrutons actuellement dix nouveaux membres du Conseil des champions pour am\u00e9liorer les comp\u00e9tences, les connaissances et la repr\u00e9sentation de notre communaut\u00e9 en tant que dirigeants.<\/p>\n\n<p>Aujourd&rsquo;hui, la combinaison de cr\u00e9dibilit\u00e9 bas\u00e9e sur la performance et de capacit\u00e9 accrue de Manchester Proud ouvre la voie \u00e0 l&rsquo;exploration d&rsquo;opportunit\u00e9s de niveau sup\u00e9rieur. En tant que sympathisants, vous devez savoir que nous examinons actuellement notre mod\u00e8le organisationnel pour assurer le d\u00e9veloppement continu du leadership et nous concentrer sur les initiatives qui conduisent \u00e0 un changement de haut niveau. Nous passerons \u00e9galement notre \u00e9t\u00e9 \u00e0 int\u00e9grer pleinement nos nouveaux membres du Conseil et \u00e0 pr\u00e9parer nos propres s\u00e9ances de planification strat\u00e9gique de la fin de l\u2019\u00e9t\u00e9\u00a0! Merci d&rsquo;avoir rendu tout cela possible. Sachez que nous sommes ici aujourd&rsquo;hui, nous effor\u00e7ant de gagner votre confiance et votre pr\u00e9cieux soutien \u2013 et nous serons l\u00e0 demain, pour continuer \u00e0 collaborer avec nos amis du district scolaire de Manchester pour rendre nos \u00e9coles publiques vraiment exceptionnelles.<\/p>\n","protected":false},"excerpt":{"rendered":"<p>Ce qui a commenc\u00e9 en 2017 par une r\u00e9flexion sur la mani\u00e8re de mieux impliquer la communaut\u00e9 dans nos \u00e9coles publiques a conduit \u00e0 un plan strat\u00e9gique ax\u00e9 sur la  <a href=\"https:\/\/manchesterproud.org\/fr\/ici-aujourdhui-ici-demain\/\" rel=\"bookmark\" title=\"Ici aujourd&rsquo;hui, ici demain\">[&hellip;]<\/a><\/p>\n","protected":false},"author":4,"featured_media":3021,"comment_status":"open","ping_status":"closed","sticky":false,"template":"","format":"standard","meta":{"_acf_changed":false,"_mo_disable_npp":"","footnotes":""},"categories":[107],"tags":[],"class_list":["post-9928","post","type-post","status-publish","format-standard","has-post-thumbnail","hentry","category-non-classifiee"],"acf":[],"yoast_head":"<!-- This site is optimized with the Yoast SEO Premium plugin v21.5 (Yoast SEO v27.2) - https:\/\/yoast.com\/product\/yoast-seo-premium-wordpress\/ -->\n<title>Ici aujourd&#039;hui, ici demain - Manchester Proud<\/title>\n<meta name=\"robots\" content=\"index, follow, max-snippet:-1, max-image-preview:large, max-video-preview:-1\" \/>\n<link rel=\"canonical\" href=\"https:\/\/manchesterproud.org\/fr\/ici-aujourdhui-ici-demain\/\" \/>\n<meta property=\"og:locale\" content=\"fr_FR\" \/>\n<meta property=\"og:type\" content=\"article\" \/>\n<meta property=\"og:title\" content=\"Ici aujourd&#039;hui, ici demain\" \/>\n<meta property=\"og:description\" content=\"Ce qui a commenc\u00e9 en 2017 par une r\u00e9flexion sur la mani\u00e8re de mieux impliquer la communaut\u00e9 dans nos \u00e9coles publiques a conduit \u00e0 un plan strat\u00e9gique ax\u00e9\" \/>\n<meta property=\"og:url\" content=\"https:\/\/manchesterproud.org\/fr\/ici-aujourdhui-ici-demain\/\" \/>\n<meta property=\"og:site_name\" content=\"Manchester Proud\" \/>\n<meta property=\"article:published_time\" content=\"2023-05-25T01:17:52+00:00\" \/>\n<meta property=\"article:modified_time\" content=\"2024-05-02T14:47:25+00:00\" \/>\n<meta property=\"og:image\" content=\"https:\/\/manchesterproud.org\/wp-content\/uploads\/2024\/03\/blog-Default-ImageV2.jpg\" \/>\n\t<meta property=\"og:image:width\" content=\"936\" \/>\n\t<meta property=\"og:image:height\" content=\"624\" \/>\n\t<meta property=\"og:image:type\" content=\"image\/jpeg\" \/>\n<meta name=\"author\" content=\"Lauren Boisvert\" \/>\n<meta name=\"twitter:card\" content=\"summary_large_image\" \/>\n<meta name=\"twitter:label1\" content=\"\u00c9crit par\" \/>\n\t<meta name=\"twitter:data1\" content=\"Lauren Boisvert\" \/>\n\t<meta name=\"twitter:label2\" content=\"Dur\u00e9e de lecture estim\u00e9e\" \/>\n\t<meta name=\"twitter:data2\" content=\"2 minutes\" \/>\n<script type=\"application\/ld+json\" class=\"yoast-schema-graph\">{\"@context\":\"https:\/\/schema.org\",\"@graph\":[{\"@type\":\"Article\",\"@id\":\"https:\/\/manchesterproud.org\/fr\/ici-aujourdhui-ici-demain\/#article\",\"isPartOf\":{\"@id\":\"https:\/\/manchesterproud.org\/fr\/ici-aujourdhui-ici-demain\/\"},\"author\":{\"name\":\"Lauren Boisvert\",\"@id\":\"https:\/\/manchesterproud.org\/fr\/#\/schema\/person\/f280030f121d45addfb512c2ffcb3b2f\"},\"headline\":\"Ici aujourd&rsquo;hui, ici demain\",\"datePublished\":\"2023-05-25T01:17:52+00:00\",\"dateModified\":\"2024-05-02T14:47:25+00:00\",\"mainEntityOfPage\":{\"@id\":\"https:\/\/manchesterproud.org\/fr\/ici-aujourdhui-ici-demain\/\"},\"wordCount\":363,\"commentCount\":0,\"image\":{\"@id\":\"https:\/\/manchesterproud.org\/fr\/ici-aujourdhui-ici-demain\/#primaryimage\"},\"thumbnailUrl\":\"https:\/\/manchesterproud.org\/wp-content\/uploads\/2024\/03\/blog-Default-ImageV2.jpg\",\"articleSection\":[\"Non classifi\u00e9(e)\"],\"inLanguage\":\"fr-FR\",\"potentialAction\":[{\"@type\":\"CommentAction\",\"name\":\"Comment\",\"target\":[\"https:\/\/manchesterproud.org\/fr\/ici-aujourdhui-ici-demain\/#respond\"]}]},{\"@type\":\"WebPage\",\"@id\":\"https:\/\/manchesterproud.org\/fr\/ici-aujourdhui-ici-demain\/\",\"url\":\"https:\/\/manchesterproud.org\/fr\/ici-aujourdhui-ici-demain\/\",\"name\":\"Ici aujourd'hui, ici demain - Manchester Proud\",\"isPartOf\":{\"@id\":\"https:\/\/manchesterproud.org\/fr\/#website\"},\"primaryImageOfPage\":{\"@id\":\"https:\/\/manchesterproud.org\/fr\/ici-aujourdhui-ici-demain\/#primaryimage\"},\"image\":{\"@id\":\"https:\/\/manchesterproud.org\/fr\/ici-aujourdhui-ici-demain\/#primaryimage\"},\"thumbnailUrl\":\"https:\/\/manchesterproud.org\/wp-content\/uploads\/2024\/03\/blog-Default-ImageV2.jpg\",\"datePublished\":\"2023-05-25T01:17:52+00:00\",\"dateModified\":\"2024-05-02T14:47:25+00:00\",\"author\":{\"@id\":\"https:\/\/manchesterproud.org\/fr\/#\/schema\/person\/f280030f121d45addfb512c2ffcb3b2f\"},\"breadcrumb\":{\"@id\":\"https:\/\/manchesterproud.org\/fr\/ici-aujourdhui-ici-demain\/#breadcrumb\"},\"inLanguage\":\"fr-FR\",\"potentialAction\":[{\"@type\":\"ReadAction\",\"target\":[\"https:\/\/manchesterproud.org\/fr\/ici-aujourdhui-ici-demain\/\"]}]},{\"@type\":\"ImageObject\",\"inLanguage\":\"fr-FR\",\"@id\":\"https:\/\/manchesterproud.org\/fr\/ici-aujourdhui-ici-demain\/#primaryimage\",\"url\":\"https:\/\/manchesterproud.org\/wp-content\/uploads\/2024\/03\/blog-Default-ImageV2.jpg\",\"contentUrl\":\"https:\/\/manchesterproud.org\/wp-content\/uploads\/2024\/03\/blog-Default-ImageV2.jpg\",\"width\":936,\"height\":624},{\"@type\":\"BreadcrumbList\",\"@id\":\"https:\/\/manchesterproud.org\/fr\/ici-aujourdhui-ici-demain\/#breadcrumb\",\"itemListElement\":[{\"@type\":\"ListItem\",\"position\":1,\"name\":\"Home\",\"item\":\"https:\/\/manchesterproud.org\/fr\/maison\/\"},{\"@type\":\"ListItem\",\"position\":2,\"name\":\"Ici aujourd&#8217;hui, ici demain\"}]},{\"@type\":\"WebSite\",\"@id\":\"https:\/\/manchesterproud.org\/fr\/#website\",\"url\":\"https:\/\/manchesterproud.org\/fr\/\",\"name\":\"Manchester Proud\",\"description\":\"\",\"potentialAction\":[{\"@type\":\"SearchAction\",\"target\":{\"@type\":\"EntryPoint\",\"urlTemplate\":\"https:\/\/manchesterproud.org\/fr\/?s={search_term_string}\"},\"query-input\":{\"@type\":\"PropertyValueSpecification\",\"valueRequired\":true,\"valueName\":\"search_term_string\"}}],\"inLanguage\":\"fr-FR\"},{\"@type\":\"Person\",\"@id\":\"https:\/\/manchesterproud.org\/fr\/#\/schema\/person\/f280030f121d45addfb512c2ffcb3b2f\",\"name\":\"Lauren Boisvert\",\"image\":{\"@type\":\"ImageObject\",\"inLanguage\":\"fr-FR\",\"@id\":\"https:\/\/secure.gravatar.com\/avatar\/e720874d7d42034ec9c3702e1ce9d1430c1fe5502014d7bb33a980fe8b083202?s=96&d=mm&r=g\",\"url\":\"https:\/\/secure.gravatar.com\/avatar\/e720874d7d42034ec9c3702e1ce9d1430c1fe5502014d7bb33a980fe8b083202?s=96&d=mm&r=g\",\"contentUrl\":\"https:\/\/secure.gravatar.com\/avatar\/e720874d7d42034ec9c3702e1ce9d1430c1fe5502014d7bb33a980fe8b083202?s=96&d=mm&r=g\",\"caption\":\"Lauren Boisvert\"},\"url\":\"https:\/\/manchesterproud.org\/fr\/author\/lauren\/\"}]}<\/script>\n<!-- \/ Yoast SEO Premium plugin. -->","yoast_head_json":{"title":"Ici aujourd'hui, ici demain - Manchester Proud","robots":{"index":"index","follow":"follow","max-snippet":"max-snippet:-1","max-image-preview":"max-image-preview:large","max-video-preview":"max-video-preview:-1"},"canonical":"https:\/\/manchesterproud.org\/fr\/ici-aujourdhui-ici-demain\/","og_locale":"fr_FR","og_type":"article","og_title":"Ici aujourd'hui, ici demain","og_description":"Ce qui a commenc\u00e9 en 2017 par une r\u00e9flexion sur la mani\u00e8re de mieux impliquer la communaut\u00e9 dans nos \u00e9coles publiques a conduit \u00e0 un plan strat\u00e9gique ax\u00e9","og_url":"https:\/\/manchesterproud.org\/fr\/ici-aujourdhui-ici-demain\/","og_site_name":"Manchester Proud","article_published_time":"2023-05-25T01:17:52+00:00","article_modified_time":"2024-05-02T14:47:25+00:00","og_image":[{"width":936,"height":624,"url":"https:\/\/manchesterproud.org\/wp-content\/uploads\/2024\/03\/blog-Default-ImageV2.jpg","type":"image\/jpeg"}],"author":"Lauren Boisvert","twitter_card":"summary_large_image","twitter_misc":{"\u00c9crit par":"Lauren Boisvert","Dur\u00e9e de lecture estim\u00e9e":"2 minutes"},"schema":{"@context":"https:\/\/schema.org","@graph":[{"@type":"Article","@id":"https:\/\/manchesterproud.org\/fr\/ici-aujourdhui-ici-demain\/#article","isPartOf":{"@id":"https:\/\/manchesterproud.org\/fr\/ici-aujourdhui-ici-demain\/"},"author":{"name":"Lauren Boisvert","@id":"https:\/\/manchesterproud.org\/fr\/#\/schema\/person\/f280030f121d45addfb512c2ffcb3b2f"},"headline":"Ici aujourd&rsquo;hui, ici demain","datePublished":"2023-05-25T01:17:52+00:00","dateModified":"2024-05-02T14:47:25+00:00","mainEntityOfPage":{"@id":"https:\/\/manchesterproud.org\/fr\/ici-aujourdhui-ici-demain\/"},"wordCount":363,"commentCount":0,"image":{"@id":"https:\/\/manchesterproud.org\/fr\/ici-aujourdhui-ici-demain\/#primaryimage"},"thumbnailUrl":"https:\/\/manchesterproud.org\/wp-content\/uploads\/2024\/03\/blog-Default-ImageV2.jpg","articleSection":["Non classifi\u00e9(e)"],"inLanguage":"fr-FR","potentialAction":[{"@type":"CommentAction","name":"Comment","target":["https:\/\/manchesterproud.org\/fr\/ici-aujourdhui-ici-demain\/#respond"]}]},{"@type":"WebPage","@id":"https:\/\/manchesterproud.org\/fr\/ici-aujourdhui-ici-demain\/","url":"https:\/\/manchesterproud.org\/fr\/ici-aujourdhui-ici-demain\/","name":"Ici aujourd'hui, ici demain - Manchester Proud","isPartOf":{"@id":"https:\/\/manchesterproud.org\/fr\/#website"},"primaryImageOfPage":{"@id":"https:\/\/manchesterproud.org\/fr\/ici-aujourdhui-ici-demain\/#primaryimage"},"image":{"@id":"https:\/\/manchesterproud.org\/fr\/ici-aujourdhui-ici-demain\/#primaryimage"},"thumbnailUrl":"https:\/\/manchesterproud.org\/wp-content\/uploads\/2024\/03\/blog-Default-ImageV2.jpg","datePublished":"2023-05-25T01:17:52+00:00","dateModified":"2024-05-02T14:47:25+00:00","author":{"@id":"https:\/\/manchesterproud.org\/fr\/#\/schema\/person\/f280030f121d45addfb512c2ffcb3b2f"},"breadcrumb":{"@id":"https:\/\/manchesterproud.org\/fr\/ici-aujourdhui-ici-demain\/#breadcrumb"},"inLanguage":"fr-FR","potentialAction":[{"@type":"ReadAction","target":["https:\/\/manchesterproud.org\/fr\/ici-aujourdhui-ici-demain\/"]}]},{"@type":"ImageObject","inLanguage":"fr-FR","@id":"https:\/\/manchesterproud.org\/fr\/ici-aujourdhui-ici-demain\/#primaryimage","url":"https:\/\/manchesterproud.org\/wp-content\/uploads\/2024\/03\/blog-Default-ImageV2.jpg","contentUrl":"https:\/\/manchesterproud.org\/wp-content\/uploads\/2024\/03\/blog-Default-ImageV2.jpg","width":936,"height":624},{"@type":"BreadcrumbList","@id":"https:\/\/manchesterproud.org\/fr\/ici-aujourdhui-ici-demain\/#breadcrumb","itemListElement":[{"@type":"ListItem","position":1,"name":"Home","item":"https:\/\/manchesterproud.org\/fr\/maison\/"},{"@type":"ListItem","position":2,"name":"Ici aujourd&#8217;hui, ici demain"}]},{"@type":"WebSite","@id":"https:\/\/manchesterproud.org\/fr\/#website","url":"https:\/\/manchesterproud.org\/fr\/","name":"Manchester Proud","description":"","potentialAction":[{"@type":"SearchAction","target":{"@type":"EntryPoint","urlTemplate":"https:\/\/manchesterproud.org\/fr\/?s={search_term_string}"},"query-input":{"@type":"PropertyValueSpecification","valueRequired":true,"valueName":"search_term_string"}}],"inLanguage":"fr-FR"},{"@type":"Person","@id":"https:\/\/manchesterproud.org\/fr\/#\/schema\/person\/f280030f121d45addfb512c2ffcb3b2f","name":"Lauren Boisvert","image":{"@type":"ImageObject","inLanguage":"fr-FR","@id":"https:\/\/secure.gravatar.com\/avatar\/e720874d7d42034ec9c3702e1ce9d1430c1fe5502014d7bb33a980fe8b083202?s=96&d=mm&r=g","url":"https:\/\/secure.gravatar.com\/avatar\/e720874d7d42034ec9c3702e1ce9d1430c1fe5502014d7bb33a980fe8b083202?s=96&d=mm&r=g","contentUrl":"https:\/\/secure.gravatar.com\/avatar\/e720874d7d42034ec9c3702e1ce9d1430c1fe5502014d7bb33a980fe8b083202?s=96&d=mm&r=g","caption":"Lauren Boisvert"},"url":"https:\/\/manchesterproud.org\/fr\/author\/lauren\/"}]}},"_links":{"self":[{"href":"https:\/\/manchesterproud.org\/fr\/wp-json\/wp\/v2\/posts\/9928","targetHints":{"allow":["GET"]}}],"collection":[{"href":"https:\/\/manchesterproud.org\/fr\/wp-json\/wp\/v2\/posts"}],"about":[{"href":"https:\/\/manchesterproud.org\/fr\/wp-json\/wp\/v2\/types\/post"}],"author":[{"embeddable":true,"href":"https:\/\/manchesterproud.org\/fr\/wp-json\/wp\/v2\/users\/4"}],"replies":[{"embeddable":true,"href":"https:\/\/manchesterproud.org\/fr\/wp-json\/wp\/v2\/comments?post=9928"}],"version-history":[{"count":0,"href":"https:\/\/manchesterproud.org\/fr\/wp-json\/wp\/v2\/posts\/9928\/revisions"}],"wp:featuredmedia":[{"embeddable":true,"href":"https:\/\/manchesterproud.org\/fr\/wp-json\/wp\/v2\/media\/3021"}],"wp:attachment":[{"href":"https:\/\/manchesterproud.org\/fr\/wp-json\/wp\/v2\/media?parent=9928"}],"wp:term":[{"taxonomy":"category","embeddable":true,"href":"https:\/\/manchesterproud.org\/fr\/wp-json\/wp\/v2\/categories?post=9928"},{"taxonomy":"post_tag","embeddable":true,"href":"https:\/\/manchesterproud.org\/fr\/wp-json\/wp\/v2\/tags?post=9928"}],"curies":[{"name":"wp","href":"https:\/\/api.w.org\/{rel}","templated":true}]}}