{"id":9954,"date":"2024-04-04T21:15:03","date_gmt":"2024-04-05T01:15:03","guid":{"rendered":"https:\/\/manchesterproud.org\/moments-de-fierte-groupe-de-jazz-de-central-high-school\/"},"modified":"2024-05-02T10:47:42","modified_gmt":"2024-05-02T14:47:42","slug":"moments-de-fierte-groupe-de-jazz-de-central-high-school","status":"publish","type":"post","link":"https:\/\/manchesterproud.org\/fr\/moments-de-fierte-groupe-de-jazz-de-central-high-school\/","title":{"rendered":"Moments de fiert\u00e9 \u2013 Groupe de jazz de Central High School"},"content":{"rendered":"\n<p>Nous avons rencontr\u00e9 le Jazz Band on Wheel de Central High School mercredi\u00a0! Wheel Wednesday est diff\u00e9rent de l&rsquo;improvisation traditionnellement quotidienne de l&rsquo;\u00e9l\u00e8ve, car il s&rsquo;assoit en cercle et se d\u00e9place dans le sens des aiguilles d&rsquo;une montre pour permettre \u00e0 chaque \u00e9l\u00e8ve d&rsquo;improviser. Ed Doyle, directeur du groupe du Central High School Band et directeur des beaux-arts du district scolaire de Manchester, dirige le groupe, mais les \u00e9tudiants sont comp\u00e9tents et form\u00e9s pour se d\u00e9placer seuls dans le cercle, sans direction. Cette comp\u00e9tence est remarquable dans un groupe de lyc\u00e9e, car de nombreux musiciens professionnels ne peuvent pas improviser comme ces \u00e9tudiants \u00e9taient capables de le faire.  <\/p>\n\n<p>Vid\u00e9o de l&rsquo;improvisation du mercredi de la roue\u00a0: <a href=\"https:\/\/www.tiktok.com\/@mhtproud\/video\/7354044428627053866\">https:\/\/www.tiktok.com\/@mhtproud\/video\/7354044428627053866<\/a> <\/p>\n\n<p>\u00c0 propos de son appartenance au Jazz Band de Central High School Senior, Colleen d\u00e9clare : \u00ab Le meilleur, c&rsquo;est que c&rsquo;est plus petit que le Concert Band, nous travaillons tellement les uns sur les autres \u00bb. En regardant leur performance, le groupe se nourrit v\u00e9ritablement les uns des autres. Nick, \u00e9tudiant en deuxi\u00e8me ann\u00e9e \u00e0 la Central High School, d\u00e9clare : \u00ab Le jazz offre plus d&rsquo;opportunit\u00e9s d&rsquo;\u00eatre cr\u00e9atif et d&rsquo;essayer de nouvelles choses \u00bb. \u00c0 propos du groupe, Ed Doyle d\u00e9clare : \u00ab C&rsquo;est un v\u00e9ritable groupe de soutien\u2026 ils peuvent faire des erreurs mais se d\u00e9velopper et s&rsquo;en remettre \u00bb. Patrick, lyc\u00e9en de Central High School, d\u00e9clare : \u00ab J&rsquo;ai commenc\u00e9 au piano, mais je suis pass\u00e9 \u00e0 la guitare pour Jazz Band. Cela a \u00e9t\u00e9 une tr\u00e8s bonne opportunit\u00e9 de m&rsquo;amuser et d&rsquo;exp\u00e9rimenter ce nouvel instrument \u00bb.  <\/p>\n\n<p>Le Jazz Band compte au total 19 \u00e9tudiants et il y a trois combos au sein de ce groupe. Le 16 mars 2024, le UNH Clark Terry Jazz Festival a eu lieu \u00e0 Durham, NH. Ce festival a r\u00e9uni plus de 30 \u00e9coles de toute la Nouvelle-Angleterre. L&rsquo;ensemble du Jazz Band s&rsquo;est produit et plus tard dans la journ\u00e9e, un groupe de sept \u00e9tudiants s&rsquo;est produit. Le combo a interpr\u00e9t\u00e9 trois chansons. Agua de Beber, Nil Noir et Cienfuegos.<\/p>\n\n<p>Ils ont re\u00e7u une plaque de performance exceptionnelle ainsi que quatre prix individuels pour piano, batterie, basse et trombone. \u00c0 propos du jugement de Central High School Junior, Tommy d\u00e9clare : \u00ab Les juges ont travaill\u00e9 avec nous, ils nous ont donn\u00e9 des id\u00e9es sur \u00ab\u00a0et pourquoi pas \u00e7a\u00a0?\u00a0\u00bb\u00a0\u00bb et Colleen a ajout\u00e9\u00a0: \u00ab\u00a0C&rsquo;\u00e9tait plus que de simples critiques mais des suggestions\u00a0\u00bb. \u00c0 propos de leur reconnaissance, les \u00e9tudiants ont parl\u00e9 de la fiert\u00e9 qu&rsquo;ils ressentent \u00e0 l&rsquo;\u00e9gard du programme de musique, car de nombreuses autres \u00e9coles participant \u00e0 cet \u00e9v\u00e9nement disposent g\u00e9n\u00e9ralement de financements plus importants. Lorsqu&rsquo;on leur a demand\u00e9 de quoi ils \u00e9taient le plus fiers, les \u00e9tudiants ont r\u00e9pondu qu&rsquo;ils \u00e9taient \u00e9galement fiers des trois pi\u00e8ces.<\/p>\n\n<p>Voir les \u00e9tudiants r\u00e9compens\u00e9s ici\u00a0:  <\/p>\n\n<figure class=\"wp-block-image\"><a href=\"https:\/\/www.manchesterproud.org\/proud-moments-central-high-schools-jazz-band\/434132035_825168069650146_3679594166440337663_n\/\"><img decoding=\"async\" src=\"https:\/\/www.manchesterproud.org\/wp-content\/uploads\/2024\/04\/434132035_825168069650146_3679594166440337663_n.jpg\" alt=\"\" class=\"wp-image-2880\"\/><\/a><\/figure>\n\n<p>Regardez une vid\u00e9o des \u00e9tudiants interpr\u00e9tant Agua de Beber ici\u00a0: https:\/\/www.tiktok.com\/@mhtproud\/video\/7354047771701185835  <\/p>\n\n<p>Nous avons pu discuter en profondeur avec les \u00e9tudiants de leur inspiration. Ils ont r\u00e9pertori\u00e9 plus de 40 musiciens de jazz, de Duke Ellington \u00e0 Al Green en passant par Ella Fitzgerald et JJ Johnson. Leur \u00e9ducation musicale ici \u00e0 Manchester est riche \u00e0 la fois par la capacit\u00e9 de jouer de leur instrument et avec d&rsquo;autres musiciens, mais aussi par leur exploration de l&rsquo;histoire de la musique et de la th\u00e9orie musicale.  <\/p>\n\n<p>F\u00e9licitations au groupe pour leurs r\u00e9alisations!  <\/p>\n\n<p>Ed Doyle, directeur de l&rsquo;orchestre du Central High School et directeur des beaux-arts du district scolaire de Manchester  <\/p>\n\n<p>Patrick DeFelice, guitare, 12 ans<\/p>\n\n<p>Oliver Jaquez, saxophone alto, 12<\/p>\n\n<p>S\u00e9r\u00e9nit\u00e9 Newton, basse, 12<\/p>\n\n<p>Colleen Stankiewicz, fl\u00fbte, 12 ans<\/p>\n\n<p>Tommy Martineau, trombone, 11<\/p>\n\n<p>Jonah Therrien, Batterie, 10<\/p>\n\n<p>Nicolas Valiton, Piano, 10<\/p>\n\n<p>Marquez vos calendriers pour entendre ce groupe ainsi que d&rsquo;autres programmes de jazz dans le district scolaire de Manchester le 30 avril 2024 \u00e0 18h au REX Theatre.  <\/p>\n\n<p>Informations ici : <a href=\"https:\/\/drive.google.com\/file\/d\/13HP3Z-PrwEwPcmiYtwpfSCPOWFq5IQMZ\/view?usp=sharing\">Une nuit de jazz<\/a> au Th\u00e9\u00e2tre Rex<\/p>\n","protected":false},"excerpt":{"rendered":"<p>Nous avons rencontr\u00e9 le Jazz Band on Wheel de Central High School mercredi\u00a0! Wheel Wednesday est diff\u00e9rent de l&rsquo;improvisation traditionnellement quotidienne de l&rsquo;\u00e9l\u00e8ve, car il s&rsquo;assoit en cercle et se  <a href=\"https:\/\/manchesterproud.org\/fr\/moments-de-fierte-groupe-de-jazz-de-central-high-school\/\" rel=\"bookmark\" title=\"Moments de fiert\u00e9 \u2013 Groupe de jazz de Central High School\">[&hellip;]<\/a><\/p>\n","protected":false},"author":4,"featured_media":3021,"comment_status":"open","ping_status":"closed","sticky":false,"template":"","format":"standard","meta":{"_acf_changed":false,"_mo_disable_npp":"","footnotes":""},"categories":[139],"tags":[],"class_list":["post-9954","post","type-post","status-publish","format-standard","has-post-thumbnail","hentry","category-moment-de-fierte"],"acf":[],"yoast_head":"<!-- This site is optimized with the Yoast SEO Premium plugin v21.5 (Yoast SEO v27.2) - https:\/\/yoast.com\/product\/yoast-seo-premium-wordpress\/ -->\n<title>Moments de fiert\u00e9 \u2013 Groupe de jazz de Central High School - Manchester Proud<\/title>\n<meta name=\"robots\" content=\"index, follow, max-snippet:-1, max-image-preview:large, max-video-preview:-1\" \/>\n<link rel=\"canonical\" href=\"https:\/\/manchesterproud.org\/fr\/moments-de-fierte-groupe-de-jazz-de-central-high-school\/\" \/>\n<meta property=\"og:locale\" content=\"fr_FR\" \/>\n<meta property=\"og:type\" content=\"article\" \/>\n<meta property=\"og:title\" content=\"Moments de fiert\u00e9 \u2013 Groupe de jazz de Central High School\" \/>\n<meta property=\"og:description\" content=\"Nous avons rencontr\u00e9 le Jazz Band on Wheel de Central High School mercredi\u00a0! Wheel Wednesday est diff\u00e9rent de l&#039;improvisation traditionnellement\" \/>\n<meta property=\"og:url\" content=\"https:\/\/manchesterproud.org\/fr\/moments-de-fierte-groupe-de-jazz-de-central-high-school\/\" \/>\n<meta property=\"og:site_name\" content=\"Manchester Proud\" \/>\n<meta property=\"article:published_time\" content=\"2024-04-05T01:15:03+00:00\" \/>\n<meta property=\"article:modified_time\" content=\"2024-05-02T14:47:42+00:00\" \/>\n<meta property=\"og:image\" content=\"https:\/\/manchesterproud.org\/wp-content\/uploads\/2024\/03\/blog-Default-ImageV2.jpg\" \/>\n\t<meta property=\"og:image:width\" content=\"936\" \/>\n\t<meta property=\"og:image:height\" content=\"624\" \/>\n\t<meta property=\"og:image:type\" content=\"image\/jpeg\" \/>\n<meta name=\"author\" content=\"Lauren Boisvert\" \/>\n<meta name=\"twitter:card\" content=\"summary_large_image\" \/>\n<meta name=\"twitter:label1\" content=\"\u00c9crit par\" \/>\n\t<meta name=\"twitter:data1\" content=\"Lauren Boisvert\" \/>\n\t<meta name=\"twitter:label2\" content=\"Dur\u00e9e de lecture estim\u00e9e\" \/>\n\t<meta name=\"twitter:data2\" content=\"3 minutes\" \/>\n<script type=\"application\/ld+json\" class=\"yoast-schema-graph\">{\"@context\":\"https:\/\/schema.org\",\"@graph\":[{\"@type\":\"Article\",\"@id\":\"https:\/\/manchesterproud.org\/fr\/moments-de-fierte-groupe-de-jazz-de-central-high-school\/#article\",\"isPartOf\":{\"@id\":\"https:\/\/manchesterproud.org\/fr\/moments-de-fierte-groupe-de-jazz-de-central-high-school\/\"},\"author\":{\"name\":\"Lauren Boisvert\",\"@id\":\"https:\/\/manchesterproud.org\/fr\/#\/schema\/person\/f280030f121d45addfb512c2ffcb3b2f\"},\"headline\":\"Moments de fiert\u00e9 \u2013 Groupe de jazz de Central High School\",\"datePublished\":\"2024-04-05T01:15:03+00:00\",\"dateModified\":\"2024-05-02T14:47:42+00:00\",\"mainEntityOfPage\":{\"@id\":\"https:\/\/manchesterproud.org\/fr\/moments-de-fierte-groupe-de-jazz-de-central-high-school\/\"},\"wordCount\":690,\"commentCount\":0,\"image\":{\"@id\":\"https:\/\/manchesterproud.org\/fr\/moments-de-fierte-groupe-de-jazz-de-central-high-school\/#primaryimage\"},\"thumbnailUrl\":\"https:\/\/manchesterproud.org\/wp-content\/uploads\/2024\/03\/blog-Default-ImageV2.jpg\",\"articleSection\":[\"Moment de fiert\u00e9\"],\"inLanguage\":\"fr-FR\",\"potentialAction\":[{\"@type\":\"CommentAction\",\"name\":\"Comment\",\"target\":[\"https:\/\/manchesterproud.org\/fr\/moments-de-fierte-groupe-de-jazz-de-central-high-school\/#respond\"]}]},{\"@type\":\"WebPage\",\"@id\":\"https:\/\/manchesterproud.org\/fr\/moments-de-fierte-groupe-de-jazz-de-central-high-school\/\",\"url\":\"https:\/\/manchesterproud.org\/fr\/moments-de-fierte-groupe-de-jazz-de-central-high-school\/\",\"name\":\"Moments de fiert\u00e9 \u2013 Groupe de jazz de Central High School - Manchester Proud\",\"isPartOf\":{\"@id\":\"https:\/\/manchesterproud.org\/fr\/#website\"},\"primaryImageOfPage\":{\"@id\":\"https:\/\/manchesterproud.org\/fr\/moments-de-fierte-groupe-de-jazz-de-central-high-school\/#primaryimage\"},\"image\":{\"@id\":\"https:\/\/manchesterproud.org\/fr\/moments-de-fierte-groupe-de-jazz-de-central-high-school\/#primaryimage\"},\"thumbnailUrl\":\"https:\/\/manchesterproud.org\/wp-content\/uploads\/2024\/03\/blog-Default-ImageV2.jpg\",\"datePublished\":\"2024-04-05T01:15:03+00:00\",\"dateModified\":\"2024-05-02T14:47:42+00:00\",\"author\":{\"@id\":\"https:\/\/manchesterproud.org\/fr\/#\/schema\/person\/f280030f121d45addfb512c2ffcb3b2f\"},\"breadcrumb\":{\"@id\":\"https:\/\/manchesterproud.org\/fr\/moments-de-fierte-groupe-de-jazz-de-central-high-school\/#breadcrumb\"},\"inLanguage\":\"fr-FR\",\"potentialAction\":[{\"@type\":\"ReadAction\",\"target\":[\"https:\/\/manchesterproud.org\/fr\/moments-de-fierte-groupe-de-jazz-de-central-high-school\/\"]}]},{\"@type\":\"ImageObject\",\"inLanguage\":\"fr-FR\",\"@id\":\"https:\/\/manchesterproud.org\/fr\/moments-de-fierte-groupe-de-jazz-de-central-high-school\/#primaryimage\",\"url\":\"https:\/\/manchesterproud.org\/wp-content\/uploads\/2024\/03\/blog-Default-ImageV2.jpg\",\"contentUrl\":\"https:\/\/manchesterproud.org\/wp-content\/uploads\/2024\/03\/blog-Default-ImageV2.jpg\",\"width\":936,\"height\":624},{\"@type\":\"BreadcrumbList\",\"@id\":\"https:\/\/manchesterproud.org\/fr\/moments-de-fierte-groupe-de-jazz-de-central-high-school\/#breadcrumb\",\"itemListElement\":[{\"@type\":\"ListItem\",\"position\":1,\"name\":\"Home\",\"item\":\"https:\/\/manchesterproud.org\/fr\/maison\/\"},{\"@type\":\"ListItem\",\"position\":2,\"name\":\"Moments de fiert\u00e9 \u2013 Groupe de jazz de Central High School\"}]},{\"@type\":\"WebSite\",\"@id\":\"https:\/\/manchesterproud.org\/fr\/#website\",\"url\":\"https:\/\/manchesterproud.org\/fr\/\",\"name\":\"Manchester Proud\",\"description\":\"\",\"potentialAction\":[{\"@type\":\"SearchAction\",\"target\":{\"@type\":\"EntryPoint\",\"urlTemplate\":\"https:\/\/manchesterproud.org\/fr\/?s={search_term_string}\"},\"query-input\":{\"@type\":\"PropertyValueSpecification\",\"valueRequired\":true,\"valueName\":\"search_term_string\"}}],\"inLanguage\":\"fr-FR\"},{\"@type\":\"Person\",\"@id\":\"https:\/\/manchesterproud.org\/fr\/#\/schema\/person\/f280030f121d45addfb512c2ffcb3b2f\",\"name\":\"Lauren Boisvert\",\"image\":{\"@type\":\"ImageObject\",\"inLanguage\":\"fr-FR\",\"@id\":\"https:\/\/secure.gravatar.com\/avatar\/e720874d7d42034ec9c3702e1ce9d1430c1fe5502014d7bb33a980fe8b083202?s=96&d=mm&r=g\",\"url\":\"https:\/\/secure.gravatar.com\/avatar\/e720874d7d42034ec9c3702e1ce9d1430c1fe5502014d7bb33a980fe8b083202?s=96&d=mm&r=g\",\"contentUrl\":\"https:\/\/secure.gravatar.com\/avatar\/e720874d7d42034ec9c3702e1ce9d1430c1fe5502014d7bb33a980fe8b083202?s=96&d=mm&r=g\",\"caption\":\"Lauren Boisvert\"},\"url\":\"https:\/\/manchesterproud.org\/fr\/author\/lauren\/\"}]}<\/script>\n<!-- \/ Yoast SEO Premium plugin. -->","yoast_head_json":{"title":"Moments de fiert\u00e9 \u2013 Groupe de jazz de Central High School - Manchester Proud","robots":{"index":"index","follow":"follow","max-snippet":"max-snippet:-1","max-image-preview":"max-image-preview:large","max-video-preview":"max-video-preview:-1"},"canonical":"https:\/\/manchesterproud.org\/fr\/moments-de-fierte-groupe-de-jazz-de-central-high-school\/","og_locale":"fr_FR","og_type":"article","og_title":"Moments de fiert\u00e9 \u2013 Groupe de jazz de Central High School","og_description":"Nous avons rencontr\u00e9 le Jazz Band on Wheel de Central High School mercredi\u00a0! Wheel Wednesday est diff\u00e9rent de l'improvisation traditionnellement","og_url":"https:\/\/manchesterproud.org\/fr\/moments-de-fierte-groupe-de-jazz-de-central-high-school\/","og_site_name":"Manchester Proud","article_published_time":"2024-04-05T01:15:03+00:00","article_modified_time":"2024-05-02T14:47:42+00:00","og_image":[{"width":936,"height":624,"url":"https:\/\/manchesterproud.org\/wp-content\/uploads\/2024\/03\/blog-Default-ImageV2.jpg","type":"image\/jpeg"}],"author":"Lauren Boisvert","twitter_card":"summary_large_image","twitter_misc":{"\u00c9crit par":"Lauren Boisvert","Dur\u00e9e de lecture estim\u00e9e":"3 minutes"},"schema":{"@context":"https:\/\/schema.org","@graph":[{"@type":"Article","@id":"https:\/\/manchesterproud.org\/fr\/moments-de-fierte-groupe-de-jazz-de-central-high-school\/#article","isPartOf":{"@id":"https:\/\/manchesterproud.org\/fr\/moments-de-fierte-groupe-de-jazz-de-central-high-school\/"},"author":{"name":"Lauren Boisvert","@id":"https:\/\/manchesterproud.org\/fr\/#\/schema\/person\/f280030f121d45addfb512c2ffcb3b2f"},"headline":"Moments de fiert\u00e9 \u2013 Groupe de jazz de Central High School","datePublished":"2024-04-05T01:15:03+00:00","dateModified":"2024-05-02T14:47:42+00:00","mainEntityOfPage":{"@id":"https:\/\/manchesterproud.org\/fr\/moments-de-fierte-groupe-de-jazz-de-central-high-school\/"},"wordCount":690,"commentCount":0,"image":{"@id":"https:\/\/manchesterproud.org\/fr\/moments-de-fierte-groupe-de-jazz-de-central-high-school\/#primaryimage"},"thumbnailUrl":"https:\/\/manchesterproud.org\/wp-content\/uploads\/2024\/03\/blog-Default-ImageV2.jpg","articleSection":["Moment de fiert\u00e9"],"inLanguage":"fr-FR","potentialAction":[{"@type":"CommentAction","name":"Comment","target":["https:\/\/manchesterproud.org\/fr\/moments-de-fierte-groupe-de-jazz-de-central-high-school\/#respond"]}]},{"@type":"WebPage","@id":"https:\/\/manchesterproud.org\/fr\/moments-de-fierte-groupe-de-jazz-de-central-high-school\/","url":"https:\/\/manchesterproud.org\/fr\/moments-de-fierte-groupe-de-jazz-de-central-high-school\/","name":"Moments de fiert\u00e9 \u2013 Groupe de jazz de Central High School - Manchester Proud","isPartOf":{"@id":"https:\/\/manchesterproud.org\/fr\/#website"},"primaryImageOfPage":{"@id":"https:\/\/manchesterproud.org\/fr\/moments-de-fierte-groupe-de-jazz-de-central-high-school\/#primaryimage"},"image":{"@id":"https:\/\/manchesterproud.org\/fr\/moments-de-fierte-groupe-de-jazz-de-central-high-school\/#primaryimage"},"thumbnailUrl":"https:\/\/manchesterproud.org\/wp-content\/uploads\/2024\/03\/blog-Default-ImageV2.jpg","datePublished":"2024-04-05T01:15:03+00:00","dateModified":"2024-05-02T14:47:42+00:00","author":{"@id":"https:\/\/manchesterproud.org\/fr\/#\/schema\/person\/f280030f121d45addfb512c2ffcb3b2f"},"breadcrumb":{"@id":"https:\/\/manchesterproud.org\/fr\/moments-de-fierte-groupe-de-jazz-de-central-high-school\/#breadcrumb"},"inLanguage":"fr-FR","potentialAction":[{"@type":"ReadAction","target":["https:\/\/manchesterproud.org\/fr\/moments-de-fierte-groupe-de-jazz-de-central-high-school\/"]}]},{"@type":"ImageObject","inLanguage":"fr-FR","@id":"https:\/\/manchesterproud.org\/fr\/moments-de-fierte-groupe-de-jazz-de-central-high-school\/#primaryimage","url":"https:\/\/manchesterproud.org\/wp-content\/uploads\/2024\/03\/blog-Default-ImageV2.jpg","contentUrl":"https:\/\/manchesterproud.org\/wp-content\/uploads\/2024\/03\/blog-Default-ImageV2.jpg","width":936,"height":624},{"@type":"BreadcrumbList","@id":"https:\/\/manchesterproud.org\/fr\/moments-de-fierte-groupe-de-jazz-de-central-high-school\/#breadcrumb","itemListElement":[{"@type":"ListItem","position":1,"name":"Home","item":"https:\/\/manchesterproud.org\/fr\/maison\/"},{"@type":"ListItem","position":2,"name":"Moments de fiert\u00e9 \u2013 Groupe de jazz de Central High School"}]},{"@type":"WebSite","@id":"https:\/\/manchesterproud.org\/fr\/#website","url":"https:\/\/manchesterproud.org\/fr\/","name":"Manchester Proud","description":"","potentialAction":[{"@type":"SearchAction","target":{"@type":"EntryPoint","urlTemplate":"https:\/\/manchesterproud.org\/fr\/?s={search_term_string}"},"query-input":{"@type":"PropertyValueSpecification","valueRequired":true,"valueName":"search_term_string"}}],"inLanguage":"fr-FR"},{"@type":"Person","@id":"https:\/\/manchesterproud.org\/fr\/#\/schema\/person\/f280030f121d45addfb512c2ffcb3b2f","name":"Lauren Boisvert","image":{"@type":"ImageObject","inLanguage":"fr-FR","@id":"https:\/\/secure.gravatar.com\/avatar\/e720874d7d42034ec9c3702e1ce9d1430c1fe5502014d7bb33a980fe8b083202?s=96&d=mm&r=g","url":"https:\/\/secure.gravatar.com\/avatar\/e720874d7d42034ec9c3702e1ce9d1430c1fe5502014d7bb33a980fe8b083202?s=96&d=mm&r=g","contentUrl":"https:\/\/secure.gravatar.com\/avatar\/e720874d7d42034ec9c3702e1ce9d1430c1fe5502014d7bb33a980fe8b083202?s=96&d=mm&r=g","caption":"Lauren Boisvert"},"url":"https:\/\/manchesterproud.org\/fr\/author\/lauren\/"}]}},"_links":{"self":[{"href":"https:\/\/manchesterproud.org\/fr\/wp-json\/wp\/v2\/posts\/9954","targetHints":{"allow":["GET"]}}],"collection":[{"href":"https:\/\/manchesterproud.org\/fr\/wp-json\/wp\/v2\/posts"}],"about":[{"href":"https:\/\/manchesterproud.org\/fr\/wp-json\/wp\/v2\/types\/post"}],"author":[{"embeddable":true,"href":"https:\/\/manchesterproud.org\/fr\/wp-json\/wp\/v2\/users\/4"}],"replies":[{"embeddable":true,"href":"https:\/\/manchesterproud.org\/fr\/wp-json\/wp\/v2\/comments?post=9954"}],"version-history":[{"count":0,"href":"https:\/\/manchesterproud.org\/fr\/wp-json\/wp\/v2\/posts\/9954\/revisions"}],"wp:featuredmedia":[{"embeddable":true,"href":"https:\/\/manchesterproud.org\/fr\/wp-json\/wp\/v2\/media\/3021"}],"wp:attachment":[{"href":"https:\/\/manchesterproud.org\/fr\/wp-json\/wp\/v2\/media?parent=9954"}],"wp:term":[{"taxonomy":"category","embeddable":true,"href":"https:\/\/manchesterproud.org\/fr\/wp-json\/wp\/v2\/categories?post=9954"},{"taxonomy":"post_tag","embeddable":true,"href":"https:\/\/manchesterproud.org\/fr\/wp-json\/wp\/v2\/tags?post=9954"}],"curies":[{"name":"wp","href":"https:\/\/api.w.org\/{rel}","templated":true}]}}